{"id":841,"date":"2021-03-02T14:59:17","date_gmt":"2021-03-02T14:59:17","guid":{"rendered":"https:\/\/munkacs-katlic.org.ua\/?p=841"},"modified":"2021-04-01T12:10:13","modified_gmt":"2021-04-01T12:10:13","slug":"felveteli-2021","status":"publish","type":"post","link":"https:\/\/munkacs-katlic.org.ua\/uk\/felveteli-2021\/","title":{"rendered":"Felv\u00e9teli 2021"},"content":{"rendered":"<div id=\"fb-root\"><\/div>\n<p style=\"text-align: center;\"><span style=\"font-size: 14pt;\"><strong>A Munk\u00e1csi Szent Istv\u00e1n L\u00edceum felv\u00e9telt hirdet a 8., 9. \u00e9s 10. oszt\u00e1lyba.<\/strong><\/span><\/p>\n<p><span style=\"font-size: 14pt;\">Az al\u00e1bbi \u0171rlap kit\u00f6lt\u00e9s\u00e9vel online m\u00f3don lehet jelentkezni a 2021\/2022-es tan\u00e9vre:<\/span><\/p>\n<p><span style=\"font-size: 14pt;\"><a href=\"https:\/\/docs.google.com\/forms\/d\/1iqVkX1RP-eix0uU1Ube5wQNztVAEBrN9oCmN4ev2d0A\/edit\" target=\"_blank\" rel=\"noopener noreferrer\">https:\/\/docs.google.com\/forms\/d\/1iqVkX1RP-eix0uU1Ube5wQNztVAEBrN9oCmN4ev2d0A\/edit<\/a><\/span><\/p>\n<p><span style=\"font-size: 14pt;\">Szakir\u00e1nyunk a sz\u00e1m\u00edt\u00e1stechnika \u00e9s az angol, illetve n\u00e9met nyelv, melyeket a k\u00e9t fels\u0151 oszt\u00e1lyban emelt \u00f3rasz\u00e1mban tan\u00edtunk.<\/span><\/p>\n<p><span style=\"font-size: 14pt;\">Di\u00e1kjainknak lehet\u0151s\u00e9g\u00fck van ingyenes angol B1, B2 nemzetk\u00f6zileg elismert nyelvvizsga bizony\u00edtv\u00e1ny megszerz\u00e9s\u00e9re.<\/span><\/p>\n<p><span style=\"font-size: 14pt;\">A felv\u00e9telt nyert di\u00e1kok sz\u00e1m\u00e1ra \u00e9tkez\u00e9st \u00e9s minden ig\u00e9nyt kiel\u00e9g\u00edt\u0151 koll\u00e9giumi ell\u00e1t\u00e1st biztos\u00edtunk, melyek k\u00f6lts\u00e9geihez a sz\u00fcl\u0151k is hozz\u00e1j\u00e1rulnak.<\/span><\/p>\n<p><span style=\"font-size: 14pt;\">Felv\u00e9teli vizsg\u00e1k a 8. \u00e9s 9. oszt\u00e1lyba:<\/span><\/p>\n<p><span style=\"font-size: 14pt;\">&#8211; magyar nyelv, tollbamond\u00e1s;<\/span><br \/>\n<span style=\"font-size: 14pt;\">&#8211; matematika;<\/span><br \/>\n<span style=\"font-size: 14pt;\">&#8211; besz\u00e9lget\u00e9s hitismeretb\u0151l.&nbsp;<\/span><\/p>\n<p><span style=\"font-size: 14pt;\">A 10. oszt\u00e1lyba:<\/span><\/p>\n<p><span style=\"font-size: 14pt;\">&#8211; magyar \u00e9s irodalom teszt; (az ukr\u00e1n iskol\u00e1sok sz\u00e1m\u00e1ra ukr\u00e1n nyelv \u00e9s irodalom)<\/span><br \/>\n<span style=\"font-size: 14pt;\">&#8211; matematika;<\/span><br \/>\n<span style=\"font-size: 14pt;\">&#8211; hitismeret, sz\u00f3beli.&nbsp;<\/span><\/p>\n<p><span style=\"font-size: 14pt;\">L\u00edceumi ny\u00edlt nap a jelentkez\u0151 di\u00e1kok, sz\u00fcleik \u00e9s minden \u00e9rdekl\u0151d\u0151 sz\u00e1m\u00e1ra: 2021. \u00e1prilis 16. (p\u00e9ntek) 10.00 \u00f3ra (k\u00f6z\u00e9p-eur. id\u0151.)<\/span><\/p>\n<p><span style=\"font-size: 14pt;\">A felv\u00e9telire val\u00f3 jelentkez\u00e9s hat\u00e1rideje: 2021. m\u00e1jus 11.<\/span><\/p>\n<p><span style=\"font-size: 14pt;\">A jelentkez\u00e9shez sz\u00fcks\u00e9ges a helyi lelkip\u00e1sztor aj\u00e1nl\u00f3levele, a sz\u00fclet\u00e9si bizony\u00edtv\u00e1ny, illetve szem\u00e9lyi igazolv\u00e1ny, k\u00f3dsz\u00e1m- \u00e9s a lakc\u00edmigazol\u00e1s m\u00e1solata, valamint 2 db. 3&#215;4-es igazolv\u00e1nyk\u00e9p. Az eml\u00edtett dokumentumokat elegend\u0151, ha a felv\u00e9teli vizsg\u00e1ra hozz\u00e1k magukkal.<\/span><\/p>\n<p><span style=\"font-size: 14pt;\">A felv\u00e9teli vizsg\u00e1k id\u0151pontja:<\/span><\/p>\n<p><strong><span style=\"font-size: 14pt;\">2021. m\u00e1jus 15. (szombat) 9:00&nbsp; (k\u00f6z\u00e9p.-eur.id\u0151.)<\/span><\/strong><\/p>\n<p><center><div style=\"width: 1220px;\" class=\"wp-video\"><!--[if lt IE 9]><script>document.createElement('video');<\/script><![endif]-->\n<video class=\"wp-video-shortcode\" id=\"video-841-1\" width=\"1220\" height=\"686\" poster=\"https:\/\/munkacs-katlic.org.ua\/wp-content\/uploads\/2021\/03\/videothumb.jpg\" preload=\"metadata\" controls=\"controls\"><source type=\"video\/mp4\" src=\"https:\/\/munkacs-katlic.org.ua\/wp-content\/uploads\/2021\/04\/Munk\u00e1csi-Szent-Istv\u00e1n-L\u00edceum-2.mp4?_=1\" \/><a href=\"https:\/\/munkacs-katlic.org.ua\/wp-content\/uploads\/2021\/04\/Munk\u00e1csi-Szent-Istv\u00e1n-L\u00edceum-2.mp4\">https:\/\/munkacs-katlic.org.ua\/wp-content\/uploads\/2021\/04\/Munk\u00e1csi-Szent-Istv\u00e1n-L\u00edceum-2.mp4<\/a><\/video><\/div>\n<p>&nbsp;<\/p>\n<p><\/center><\/p>\n","protected":false},"excerpt":{"rendered":"<p>A Munk\u00e1csi Szent Istv\u00e1n L\u00edceum felv\u00e9telt hirdet a 8., 9. \u00e9s 10. oszt\u00e1lyba. Az al\u00e1bbi \u0171rlap kit\u00f6lt\u00e9s\u00e9vel online m\u00f3don lehet jelentkezni a 2021\/2022-es tan\u00e9vre: https:\/\/docs.google.com\/forms\/d\/1iqVkX1RP-eix0uU1Ube5wQNztVAEBrN9oCmN4ev2d0A\/edit Szakir\u00e1nyunk<span class=\"excerpt-hellip\"> [\u2026]<\/span><\/p>\n","protected":false},"author":1,"featured_media":511,"comment_status":"open","ping_status":"open","sticky":false,"template":"","format":"standard","meta":{"ngg_post_thumbnail":0},"categories":[1],"tags":[],"_links":{"self":[{"href":"https:\/\/munkacs-katlic.org.ua\/uk\/wp-json\/wp\/v2\/posts\/841"}],"collection":[{"href":"https:\/\/munkacs-katlic.org.ua\/uk\/wp-json\/wp\/v2\/posts"}],"about":[{"href":"https:\/\/munkacs-katlic.org.ua\/uk\/wp-json\/wp\/v2\/types\/post"}],"author":[{"embeddable":true,"href":"https:\/\/munkacs-katlic.org.ua\/uk\/wp-json\/wp\/v2\/users\/1"}],"replies":[{"embeddable":true,"href":"https:\/\/munkacs-katlic.org.ua\/uk\/wp-json\/wp\/v2\/comments?post=841"}],"version-history":[{"count":5,"href":"https:\/\/munkacs-katlic.org.ua\/uk\/wp-json\/wp\/v2\/posts\/841\/revisions"}],"predecessor-version":[{"id":1272,"href":"https:\/\/munkacs-katlic.org.ua\/uk\/wp-json\/wp\/v2\/posts\/841\/revisions\/1272"}],"wp:featuredmedia":[{"embeddable":true,"href":"https:\/\/munkacs-katlic.org.ua\/uk\/wp-json\/wp\/v2\/media\/511"}],"wp:attachment":[{"href":"https:\/\/munkacs-katlic.org.ua\/uk\/wp-json\/wp\/v2\/media?parent=841"}],"wp:term":[{"taxonomy":"category","embeddable":true,"href":"https:\/\/munkacs-katlic.org.ua\/uk\/wp-json\/wp\/v2\/categories?post=841"},{"taxonomy":"post_tag","embeddable":true,"href":"https:\/\/munkacs-katlic.org.ua\/uk\/wp-json\/wp\/v2\/tags?post=841"}],"curies":[{"name":"wp","href":"https:\/\/api.w.org\/{rel}","templated":true}]}}