{"id":7623,"date":"2025-07-14T12:57:00","date_gmt":"2025-07-14T12:57:00","guid":{"rendered":"https:\/\/munkacs-katlic.org.ua\/?p=7623"},"modified":"2025-07-14T13:08:54","modified_gmt":"2025-07-14T13:08:54","slug":"kiemelkedo-eredmenyek-a-kmpsz-tanulmanyi-versenyeken","status":"publish","type":"post","link":"https:\/\/munkacs-katlic.org.ua\/uk\/kiemelkedo-eredmenyek-a-kmpsz-tanulmanyi-versenyeken\/","title":{"rendered":"Kiemelked\u0151 eredm\u00e9nyek a KMPSZ tanulm\u00e1nyi versenyeken"},"content":{"rendered":"<div id=\"fb-root\"><\/div>\n<p>A KMPSZ tanulm\u00e1nyi versenyeinek m\u00e1sodik fordul\u00f3j\u00e1ba bejutott di\u00e1kok k\u00f6z\u00f6tt iskol\u00e1nk tanul\u00f3i ism\u00e9t kiemelked\u0151 eredm\u00e9nyeket \u00e9rtek el!<br \/>\nSz\u00edvb\u0151l gratul\u00e1lunk nekik, valamint felk\u00e9sz\u00edt\u0151 tan\u00e1raiknak! B\u00fcszk\u00e9k vagyunk, csak \u00edgy tov\u00e1bb!<\/p>\n<p><a href=\"https:\/\/munkacs-katlic.org.ua\/wp-content\/uploads\/2025\/07\/Idegennyelv-verseny-angol.jpg\"><img decoding=\"async\" loading=\"lazy\" class=\"aligncenter size-large wp-image-7678\" src=\"https:\/\/munkacs-katlic.org.ua\/wp-content\/uploads\/2025\/07\/Idegennyelv-verseny-angol-724x1024.jpg\" alt=\"\" width=\"724\" height=\"1024\" srcset=\"https:\/\/munkacs-katlic.org.ua\/wp-content\/uploads\/2025\/07\/Idegennyelv-verseny-angol-724x1024.jpg 724w, https:\/\/munkacs-katlic.org.ua\/wp-content\/uploads\/2025\/07\/Idegennyelv-verseny-angol-212x300.jpg 212w, https:\/\/munkacs-katlic.org.ua\/wp-content\/uploads\/2025\/07\/Idegennyelv-verseny-angol-768x1087.jpg 768w, https:\/\/munkacs-katlic.org.ua\/wp-content\/uploads\/2025\/07\/Idegennyelv-verseny-angol-1086x1536.jpg 1086w, https:\/\/munkacs-katlic.org.ua\/wp-content\/uploads\/2025\/07\/Idegennyelv-verseny-angol-1447x2048.jpg 1447w, https:\/\/munkacs-katlic.org.ua\/wp-content\/uploads\/2025\/07\/Idegennyelv-verseny-angol-103x146.jpg 103w, https:\/\/munkacs-katlic.org.ua\/wp-content\/uploads\/2025\/07\/Idegennyelv-verseny-angol-35x50.jpg 35w, https:\/\/munkacs-katlic.org.ua\/wp-content\/uploads\/2025\/07\/Idegennyelv-verseny-angol-53x75.jpg 53w, https:\/\/munkacs-katlic.org.ua\/wp-content\/uploads\/2025\/07\/Idegennyelv-verseny-angol.jpg 1600w\" sizes=\"(max-width: 724px) 100vw, 724px\" \/><\/a><\/p>\n<p><a href=\"https:\/\/munkacs-katlic.org.ua\/wp-content\/uploads\/2025\/07\/Idegennyelv-verseny-nemet.jpg\"><img decoding=\"async\" loading=\"lazy\" class=\"aligncenter size-large wp-image-7680\" src=\"https:\/\/munkacs-katlic.org.ua\/wp-content\/uploads\/2025\/07\/Idegennyelv-verseny-nemet-724x1024.jpg\" alt=\"\" width=\"724\" height=\"1024\" srcset=\"https:\/\/munkacs-katlic.org.ua\/wp-content\/uploads\/2025\/07\/Idegennyelv-verseny-nemet-724x1024.jpg 724w, https:\/\/munkacs-katlic.org.ua\/wp-content\/uploads\/2025\/07\/Idegennyelv-verseny-nemet-212x300.jpg 212w, https:\/\/munkacs-katlic.org.ua\/wp-content\/uploads\/2025\/07\/Idegennyelv-verseny-nemet-768x1087.jpg 768w, https:\/\/munkacs-katlic.org.ua\/wp-content\/uploads\/2025\/07\/Idegennyelv-verseny-nemet-1086x1536.jpg 1086w, https:\/\/munkacs-katlic.org.ua\/wp-content\/uploads\/2025\/07\/Idegennyelv-verseny-nemet-1447x2048.jpg 1447w, https:\/\/munkacs-katlic.org.ua\/wp-content\/uploads\/2025\/07\/Idegennyelv-verseny-nemet-103x146.jpg 103w, https:\/\/munkacs-katlic.org.ua\/wp-content\/uploads\/2025\/07\/Idegennyelv-verseny-nemet-35x50.jpg 35w, https:\/\/munkacs-katlic.org.ua\/wp-content\/uploads\/2025\/07\/Idegennyelv-verseny-nemet-53x75.jpg 53w, https:\/\/munkacs-katlic.org.ua\/wp-content\/uploads\/2025\/07\/Idegennyelv-verseny-nemet.jpg 1600w\" sizes=\"(max-width: 724px) 100vw, 724px\" \/><\/a><\/p>\n<p><a href=\"https:\/\/munkacs-katlic.org.ua\/wp-content\/uploads\/2025\/07\/Informatikaverseny.jpg\"><img decoding=\"async\" loading=\"lazy\" class=\"aligncenter size-large wp-image-7682\" src=\"https:\/\/munkacs-katlic.org.ua\/wp-content\/uploads\/2025\/07\/Informatikaverseny-724x1024.jpg\" alt=\"\" width=\"724\" height=\"1024\" srcset=\"https:\/\/munkacs-katlic.org.ua\/wp-content\/uploads\/2025\/07\/Informatikaverseny-724x1024.jpg 724w, https:\/\/munkacs-katlic.org.ua\/wp-content\/uploads\/2025\/07\/Informatikaverseny-212x300.jpg 212w, https:\/\/munkacs-katlic.org.ua\/wp-content\/uploads\/2025\/07\/Informatikaverseny-768x1087.jpg 768w, https:\/\/munkacs-katlic.org.ua\/wp-content\/uploads\/2025\/07\/Informatikaverseny-1086x1536.jpg 1086w, https:\/\/munkacs-katlic.org.ua\/wp-content\/uploads\/2025\/07\/Informatikaverseny-1447x2048.jpg 1447w, https:\/\/munkacs-katlic.org.ua\/wp-content\/uploads\/2025\/07\/Informatikaverseny-103x146.jpg 103w, https:\/\/munkacs-katlic.org.ua\/wp-content\/uploads\/2025\/07\/Informatikaverseny-35x50.jpg 35w, https:\/\/munkacs-katlic.org.ua\/wp-content\/uploads\/2025\/07\/Informatikaverseny-53x75.jpg 53w, https:\/\/munkacs-katlic.org.ua\/wp-content\/uploads\/2025\/07\/Informatikaverseny.jpg 1600w\" sizes=\"(max-width: 724px) 100vw, 724px\" \/><\/a><\/p>\n<p><a href=\"https:\/\/munkacs-katlic.org.ua\/wp-content\/uploads\/2025\/07\/Kazinczy-szepkiejtesi-verseny-megyei-donto.jpg\"><img decoding=\"async\" loading=\"lazy\" class=\"aligncenter size-large wp-image-7684\" src=\"https:\/\/munkacs-katlic.org.ua\/wp-content\/uploads\/2025\/07\/Kazinczy-szepkiejtesi-verseny-megyei-donto-724x1024.jpg\" alt=\"\" width=\"724\" height=\"1024\" srcset=\"https:\/\/munkacs-katlic.org.ua\/wp-content\/uploads\/2025\/07\/Kazinczy-szepkiejtesi-verseny-megyei-donto-724x1024.jpg 724w, https:\/\/munkacs-katlic.org.ua\/wp-content\/uploads\/2025\/07\/Kazinczy-szepkiejtesi-verseny-megyei-donto-212x300.jpg 212w, https:\/\/munkacs-katlic.org.ua\/wp-content\/uploads\/2025\/07\/Kazinczy-szepkiejtesi-verseny-megyei-donto-768x1087.jpg 768w, https:\/\/munkacs-katlic.org.ua\/wp-content\/uploads\/2025\/07\/Kazinczy-szepkiejtesi-verseny-megyei-donto-1086x1536.jpg 1086w, https:\/\/munkacs-katlic.org.ua\/wp-content\/uploads\/2025\/07\/Kazinczy-szepkiejtesi-verseny-megyei-donto-1447x2048.jpg 1447w, https:\/\/munkacs-katlic.org.ua\/wp-content\/uploads\/2025\/07\/Kazinczy-szepkiejtesi-verseny-megyei-donto-103x146.jpg 103w, https:\/\/munkacs-katlic.org.ua\/wp-content\/uploads\/2025\/07\/Kazinczy-szepkiejtesi-verseny-megyei-donto-35x50.jpg 35w, https:\/\/munkacs-katlic.org.ua\/wp-content\/uploads\/2025\/07\/Kazinczy-szepkiejtesi-verseny-megyei-donto-53x75.jpg 53w, https:\/\/munkacs-katlic.org.ua\/wp-content\/uploads\/2025\/07\/Kazinczy-szepkiejtesi-verseny-megyei-donto.jpg 1600w\" sizes=\"(max-width: 724px) 100vw, 724px\" \/><\/a><\/p>\n<p><a href=\"https:\/\/munkacs-katlic.org.ua\/wp-content\/uploads\/2025\/07\/Margittai-Antal-biologiaverseny.jpg\"><img decoding=\"async\" loading=\"lazy\" class=\"aligncenter size-large wp-image-7686\" src=\"https:\/\/munkacs-katlic.org.ua\/wp-content\/uploads\/2025\/07\/Margittai-Antal-biologiaverseny-724x1024.jpg\" alt=\"\" width=\"724\" height=\"1024\" srcset=\"https:\/\/munkacs-katlic.org.ua\/wp-content\/uploads\/2025\/07\/Margittai-Antal-biologiaverseny-724x1024.jpg 724w, https:\/\/munkacs-katlic.org.ua\/wp-content\/uploads\/2025\/07\/Margittai-Antal-biologiaverseny-212x300.jpg 212w, https:\/\/munkacs-katlic.org.ua\/wp-content\/uploads\/2025\/07\/Margittai-Antal-biologiaverseny-768x1087.jpg 768w, https:\/\/munkacs-katlic.org.ua\/wp-content\/uploads\/2025\/07\/Margittai-Antal-biologiaverseny-1086x1536.jpg 1086w, https:\/\/munkacs-katlic.org.ua\/wp-content\/uploads\/2025\/07\/Margittai-Antal-biologiaverseny-1447x2048.jpg 1447w, https:\/\/munkacs-katlic.org.ua\/wp-content\/uploads\/2025\/07\/Margittai-Antal-biologiaverseny-103x146.jpg 103w, https:\/\/munkacs-katlic.org.ua\/wp-content\/uploads\/2025\/07\/Margittai-Antal-biologiaverseny-35x50.jpg 35w, https:\/\/munkacs-katlic.org.ua\/wp-content\/uploads\/2025\/07\/Margittai-Antal-biologiaverseny-53x75.jpg 53w, https:\/\/munkacs-katlic.org.ua\/wp-content\/uploads\/2025\/07\/Margittai-Antal-biologiaverseny.jpg 1600w\" sizes=\"(max-width: 724px) 100vw, 724px\" \/><\/a><\/p>\n<p><a href=\"https:\/\/munkacs-katlic.org.ua\/wp-content\/uploads\/2025\/07\/Termeszetrajz-es-foldrajzverseny.jpg\"><img decoding=\"async\" loading=\"lazy\" class=\"aligncenter size-large wp-image-7688\" src=\"https:\/\/munkacs-katlic.org.ua\/wp-content\/uploads\/2025\/07\/Termeszetrajz-es-foldrajzverseny-724x1024.jpg\" alt=\"\" width=\"724\" height=\"1024\" srcset=\"https:\/\/munkacs-katlic.org.ua\/wp-content\/uploads\/2025\/07\/Termeszetrajz-es-foldrajzverseny-724x1024.jpg 724w, https:\/\/munkacs-katlic.org.ua\/wp-content\/uploads\/2025\/07\/Termeszetrajz-es-foldrajzverseny-212x300.jpg 212w, https:\/\/munkacs-katlic.org.ua\/wp-content\/uploads\/2025\/07\/Termeszetrajz-es-foldrajzverseny-768x1087.jpg 768w, https:\/\/munkacs-katlic.org.ua\/wp-content\/uploads\/2025\/07\/Termeszetrajz-es-foldrajzverseny-1086x1536.jpg 1086w, https:\/\/munkacs-katlic.org.ua\/wp-content\/uploads\/2025\/07\/Termeszetrajz-es-foldrajzverseny-1447x2048.jpg 1447w, https:\/\/munkacs-katlic.org.ua\/wp-content\/uploads\/2025\/07\/Termeszetrajz-es-foldrajzverseny-103x146.jpg 103w, https:\/\/munkacs-katlic.org.ua\/wp-content\/uploads\/2025\/07\/Termeszetrajz-es-foldrajzverseny-35x50.jpg 35w, https:\/\/munkacs-katlic.org.ua\/wp-content\/uploads\/2025\/07\/Termeszetrajz-es-foldrajzverseny-53x75.jpg 53w, https:\/\/munkacs-katlic.org.ua\/wp-content\/uploads\/2025\/07\/Termeszetrajz-es-foldrajzverseny.jpg 1600w\" sizes=\"(max-width: 724px) 100vw, 724px\" \/><\/a><\/p>\n<p><a href=\"https:\/\/munkacs-katlic.org.ua\/wp-content\/uploads\/2025\/07\/Ukrannyelv-es-irodalomverseny.jpg\"><img decoding=\"async\" loading=\"lazy\" class=\"aligncenter size-large wp-image-7690\" src=\"https:\/\/munkacs-katlic.org.ua\/wp-content\/uploads\/2025\/07\/Ukrannyelv-es-irodalomverseny-724x1024.jpg\" alt=\"\" width=\"724\" height=\"1024\" srcset=\"https:\/\/munkacs-katlic.org.ua\/wp-content\/uploads\/2025\/07\/Ukrannyelv-es-irodalomverseny-724x1024.jpg 724w, https:\/\/munkacs-katlic.org.ua\/wp-content\/uploads\/2025\/07\/Ukrannyelv-es-irodalomverseny-212x300.jpg 212w, https:\/\/munkacs-katlic.org.ua\/wp-content\/uploads\/2025\/07\/Ukrannyelv-es-irodalomverseny-768x1087.jpg 768w, https:\/\/munkacs-katlic.org.ua\/wp-content\/uploads\/2025\/07\/Ukrannyelv-es-irodalomverseny-1086x1536.jpg 1086w, https:\/\/munkacs-katlic.org.ua\/wp-content\/uploads\/2025\/07\/Ukrannyelv-es-irodalomverseny-1447x2048.jpg 1447w, https:\/\/munkacs-katlic.org.ua\/wp-content\/uploads\/2025\/07\/Ukrannyelv-es-irodalomverseny-103x146.jpg 103w, https:\/\/munkacs-katlic.org.ua\/wp-content\/uploads\/2025\/07\/Ukrannyelv-es-irodalomverseny-35x50.jpg 35w, https:\/\/munkacs-katlic.org.ua\/wp-content\/uploads\/2025\/07\/Ukrannyelv-es-irodalomverseny-53x75.jpg 53w, https:\/\/munkacs-katlic.org.ua\/wp-content\/uploads\/2025\/07\/Ukrannyelv-es-irodalomverseny.jpg 1600w\" sizes=\"(max-width: 724px) 100vw, 724px\" \/><\/a><\/p>\n","protected":false},"excerpt":{"rendered":"<p>A KMPSZ tanulm\u00e1nyi versenyeinek m\u00e1sodik fordul\u00f3j\u00e1ba bejutott di\u00e1kok k\u00f6z\u00f6tt iskol\u00e1nk tanul\u00f3i ism\u00e9t kiemelked\u0151 eredm\u00e9nyeket \u00e9rtek el! Sz\u00edvb\u0151l gratul\u00e1lunk nekik, valamint felk\u00e9sz\u00edt\u0151 tan\u00e1raiknak! B\u00fcszk\u00e9k vagyunk, csak \u00edgy<span class=\"excerpt-hellip\"> [\u2026]<\/span><\/p>\n","protected":false},"author":1,"featured_media":7693,"comment_status":"closed","ping_status":"open","sticky":false,"template":"","format":"standard","meta":{"ngg_post_thumbnail":0},"categories":[1],"tags":[],"_links":{"self":[{"href":"https:\/\/munkacs-katlic.org.ua\/uk\/wp-json\/wp\/v2\/posts\/7623"}],"collection":[{"href":"https:\/\/munkacs-katlic.org.ua\/uk\/wp-json\/wp\/v2\/posts"}],"about":[{"href":"https:\/\/munkacs-katlic.org.ua\/uk\/wp-json\/wp\/v2\/types\/post"}],"author":[{"embeddable":true,"href":"https:\/\/munkacs-katlic.org.ua\/uk\/wp-json\/wp\/v2\/users\/1"}],"replies":[{"embeddable":true,"href":"https:\/\/munkacs-katlic.org.ua\/uk\/wp-json\/wp\/v2\/comments?post=7623"}],"version-history":[{"count":3,"href":"https:\/\/munkacs-katlic.org.ua\/uk\/wp-json\/wp\/v2\/posts\/7623\/revisions"}],"predecessor-version":[{"id":7692,"href":"https:\/\/munkacs-katlic.org.ua\/uk\/wp-json\/wp\/v2\/posts\/7623\/revisions\/7692"}],"wp:featuredmedia":[{"embeddable":true,"href":"https:\/\/munkacs-katlic.org.ua\/uk\/wp-json\/wp\/v2\/media\/7693"}],"wp:attachment":[{"href":"https:\/\/munkacs-katlic.org.ua\/uk\/wp-json\/wp\/v2\/media?parent=7623"}],"wp:term":[{"taxonomy":"category","embeddable":true,"href":"https:\/\/munkacs-katlic.org.ua\/uk\/wp-json\/wp\/v2\/categories?post=7623"},{"taxonomy":"post_tag","embeddable":true,"href":"https:\/\/munkacs-katlic.org.ua\/uk\/wp-json\/wp\/v2\/tags?post=7623"}],"curies":[{"name":"wp","href":"https:\/\/api.w.org\/{rel}","templated":true}]}}