{"id":7593,"date":"2025-06-09T12:17:56","date_gmt":"2025-06-09T12:17:56","guid":{"rendered":"https:\/\/munkacs-katlic.org.ua\/?p=7593"},"modified":"2025-06-09T12:21:30","modified_gmt":"2025-06-09T12:21:30","slug":"potfelveteli-lehetoseg-a-munkacsi-szent-istvan-liceumban","status":"publish","type":"post","link":"https:\/\/munkacs-katlic.org.ua\/uk\/potfelveteli-lehetoseg-a-munkacsi-szent-istvan-liceumban\/","title":{"rendered":"P\u00f3tfelv\u00e9teli lehet\u0151s\u00e9g a Munk\u00e1csi Szent Istv\u00e1n L\u00edceumban"},"content":{"rendered":"<div id=\"fb-root\"><\/div>\n<p><span style=\"font-size: 14pt;\"><strong>A Munk\u00e1csi Szent Istv\u00e1n L\u00edceum p\u00f3tfelv\u00e9telt hirdet a 8., 9. \u00e9s 10. oszt\u00e1lyba.<\/strong><\/span><\/p>\n<p><span style=\"font-size: 14pt;\">Az al\u00e1bbi \u0171rlap kit\u00f6lt\u00e9s\u00e9vel online m\u00f3don lehet jelentkezni a 2025\/2026-os tan\u00e9vre:<\/span><\/p>\n<p><span style=\"font-size: 14pt;\"><a href=\"https:\/\/docs.google.com\/forms\/d\/13FZBkc-3ELyQoCmDWnsq_VLMmV7_b_-AQWobKKWZxcw\/edit?pli=1\">https:\/\/docs.google.com\/forms\/d\/13FZBkc-3ELyQoCmDWnsq_VLMmV7_b_-AQWobKKWZxcw\/edit?pli=1<\/a><\/span><\/p>\n<p><span style=\"font-size: 14pt;\">Szakir\u00e1nyunk a sz\u00e1m\u00edt\u00e1stechnika \u00e9s az angol, illetve n\u00e9met nyelv, melyeket a k\u00e9t fels\u0151 oszt\u00e1lyban emelt \u00f3rasz\u00e1mban tan\u00edtunk.<\/span><\/p>\n<p><span style=\"font-size: 14pt;\">Di\u00e1kjainknak lehet\u0151s\u00e9g\u00fck van angol nyelvvizsga megszerz\u00e9s\u00e9re.<\/span><\/p>\n<p><span style=\"font-size: 14pt;\">A felv\u00e9telt nyert di\u00e1kok sz\u00e1m\u00e1ra minden ig\u00e9nyt kiel\u00e9g\u00edt\u0151 koll\u00e9giumi ell\u00e1t\u00e1st \u00e9s \u00e9tkeztet\u00e9st biztos\u00edtunk.<\/span><\/p>\n<p><span style=\"font-size: 14pt;\">A p\u00f3tfelv\u00e9teli vizsg\u00e1k id\u0151pontja:<\/span><\/p>\n<p><span style=\"font-size: 14pt;\"><strong>2025. augusztus 11. (h\u00e9tf\u0151) 9:00 (k.-e.i.)<\/strong><\/span><\/p>\n","protected":false},"excerpt":{"rendered":"<p>A Munk\u00e1csi Szent Istv\u00e1n L\u00edceum p\u00f3tfelv\u00e9telt hirdet a 8., 9. \u00e9s 10. oszt\u00e1lyba. Az al\u00e1bbi \u0171rlap kit\u00f6lt\u00e9s\u00e9vel online m\u00f3don lehet jelentkezni a 2025\/2026-os tan\u00e9vre: https:\/\/docs.google.com\/forms\/d\/13FZBkc-3ELyQoCmDWnsq_VLMmV7_b_-AQWobKKWZxcw\/edit?pli=1 Szakir\u00e1nyunk<span class=\"excerpt-hellip\"> [\u2026]<\/span><\/p>\n","protected":false},"author":1,"featured_media":7594,"comment_status":"closed","ping_status":"open","sticky":false,"template":"","format":"standard","meta":{"ngg_post_thumbnail":0},"categories":[1],"tags":[],"_links":{"self":[{"href":"https:\/\/munkacs-katlic.org.ua\/uk\/wp-json\/wp\/v2\/posts\/7593"}],"collection":[{"href":"https:\/\/munkacs-katlic.org.ua\/uk\/wp-json\/wp\/v2\/posts"}],"about":[{"href":"https:\/\/munkacs-katlic.org.ua\/uk\/wp-json\/wp\/v2\/types\/post"}],"author":[{"embeddable":true,"href":"https:\/\/munkacs-katlic.org.ua\/uk\/wp-json\/wp\/v2\/users\/1"}],"replies":[{"embeddable":true,"href":"https:\/\/munkacs-katlic.org.ua\/uk\/wp-json\/wp\/v2\/comments?post=7593"}],"version-history":[{"count":4,"href":"https:\/\/munkacs-katlic.org.ua\/uk\/wp-json\/wp\/v2\/posts\/7593\/revisions"}],"predecessor-version":[{"id":7600,"href":"https:\/\/munkacs-katlic.org.ua\/uk\/wp-json\/wp\/v2\/posts\/7593\/revisions\/7600"}],"wp:featuredmedia":[{"embeddable":true,"href":"https:\/\/munkacs-katlic.org.ua\/uk\/wp-json\/wp\/v2\/media\/7594"}],"wp:attachment":[{"href":"https:\/\/munkacs-katlic.org.ua\/uk\/wp-json\/wp\/v2\/media?parent=7593"}],"wp:term":[{"taxonomy":"category","embeddable":true,"href":"https:\/\/munkacs-katlic.org.ua\/uk\/wp-json\/wp\/v2\/categories?post=7593"},{"taxonomy":"post_tag","embeddable":true,"href":"https:\/\/munkacs-katlic.org.ua\/uk\/wp-json\/wp\/v2\/tags?post=7593"}],"curies":[{"name":"wp","href":"https:\/\/api.w.org\/{rel}","templated":true}]}}