{"id":7308,"date":"2025-04-15T13:12:40","date_gmt":"2025-04-15T13:12:40","guid":{"rendered":"https:\/\/munkacs-katlic.org.ua\/?p=7308"},"modified":"2025-04-15T13:12:40","modified_gmt":"2025-04-15T13:12:40","slug":"nyilt-nap-a-munkacsi-szent-istvan-liceumban","status":"publish","type":"post","link":"https:\/\/munkacs-katlic.org.ua\/uk\/nyilt-nap-a-munkacsi-szent-istvan-liceumban\/","title":{"rendered":"Ny\u00edlt nap a Munk\u00e1csi Szent Istv\u00e1n L\u00edceumban"},"content":{"rendered":"<div id=\"fb-root\"><\/div>\n<ol start=\"2025\">\n<li>\u00e1prilis 11-\u00e9n, ny\u00edlt napot tartottunk!<\/li>\n<\/ol>\n<p>A napot regisztr\u00e1ci\u00f3val kezdt\u00fck, majd int\u00e9zm\u00e9ny\u00fcnk igazgat\u00f3ja k\u00f6sz\u00f6nt\u00f6tte a vend\u00e9geket, \u00e9s bemutatta iskol\u00e1nkat, tan\u00e1rainkat, valamint a l\u00edceumi \u00e9let mindennapjait. Egy v\u00e9gz\u0151s di\u00e1kunk szem\u00e9lyes \u00e9lm\u00e9nyein kereszt\u00fcl osztotta meg, mit is jelent sz\u00e1m\u00e1ra a l\u00edceumi k\u00f6z\u00f6ss\u00e9ghez tartozni.<\/p>\n<p>A r\u00e9sztvev\u0151k betekint\u00e9st nyerhettek az oktat\u00e1sba egy interakt\u00edv fizika- \u00e9s egy ukr\u00e1n nyelv\u00f3ra keret\u00e9ben, majd k\u00e9zm\u0171ves foglalkoz\u00e1son vehettek r\u00e9szt, ahol h\u00fasv\u00e9ti toj\u00e1sfest\u00e9ssel k\u00e9sz\u00fcl\u0151dtek az \u00fcnnepre.<\/p>\n<p>Ezut\u00e1n Popovics B\u00e9la, a l\u00edceum magyar nyelv \u00e9s irodalom szakos tan\u00e1ra tartott sz\u00ednvonalas el\u0151ad\u00e1st a K\u00f6lt\u00e9szet napja alkalm\u00e1b\u00f3l \u2013 versfeldolgoz\u00e1ssal, szavalatokkal \u00e9s zongoraj\u00e1t\u00e9kkal sz\u00ednes\u00edtette el\u0151ad\u00e1s\u00e1t.<\/p>\n<p>Iskolalelk\u00e9sz\u00fcnk, Hortob\u00e1gyi Arnold atya is megsz\u00f3l\u00edtotta a jelenl\u00e9v\u0151ket, \u00e9s elmondta, mi\u00e9rt \u00e9rdemes egyh\u00e1zi iskol\u00e1nkat v\u00e1lasztani. V\u00e9g\u00fcl vend\u00e9geink megismerkedhettek koll\u00e9giumunkkal is. A napot egy j\u00f3 hangulat\u00fa, k\u00f6z\u00f6s eb\u00e9ddel z\u00e1rtuk.<\/p>\n<p>H\u00e1l\u00e1san k\u00f6sz\u00f6nj\u00fck mindenkinek, aki ell\u00e1togatott hozz\u00e1nk! Szeretettel v\u00e1runk mindenkit k\u00f6vetkez\u0151 esem\u00e9ny\u00fcnk\u00f6n, a konzult\u00e1ci\u00f3s napon, m\u00e1jus 3-\u00e1n!<\/p>\nngg_shortcode_0_placeholder\n","protected":false},"excerpt":{"rendered":"<p>\u00e1prilis 11-\u00e9n, ny\u00edlt napot tartottunk! A napot regisztr\u00e1ci\u00f3val kezdt\u00fck, majd int\u00e9zm\u00e9ny\u00fcnk igazgat\u00f3ja k\u00f6sz\u00f6nt\u00f6tte a vend\u00e9geket, \u00e9s bemutatta iskol\u00e1nkat, tan\u00e1rainkat, valamint a l\u00edceumi \u00e9let mindennapjait. Egy v\u00e9gz\u0151s<span class=\"excerpt-hellip\"> [\u2026]<\/span><\/p>\n","protected":false},"author":1,"featured_media":7333,"comment_status":"open","ping_status":"open","sticky":false,"template":"","format":"standard","meta":{"ngg_post_thumbnail":0},"categories":[4,1],"tags":[],"_links":{"self":[{"href":"https:\/\/munkacs-katlic.org.ua\/uk\/wp-json\/wp\/v2\/posts\/7308"}],"collection":[{"href":"https:\/\/munkacs-katlic.org.ua\/uk\/wp-json\/wp\/v2\/posts"}],"about":[{"href":"https:\/\/munkacs-katlic.org.ua\/uk\/wp-json\/wp\/v2\/types\/post"}],"author":[{"embeddable":true,"href":"https:\/\/munkacs-katlic.org.ua\/uk\/wp-json\/wp\/v2\/users\/1"}],"replies":[{"embeddable":true,"href":"https:\/\/munkacs-katlic.org.ua\/uk\/wp-json\/wp\/v2\/comments?post=7308"}],"version-history":[{"count":1,"href":"https:\/\/munkacs-katlic.org.ua\/uk\/wp-json\/wp\/v2\/posts\/7308\/revisions"}],"predecessor-version":[{"id":7335,"href":"https:\/\/munkacs-katlic.org.ua\/uk\/wp-json\/wp\/v2\/posts\/7308\/revisions\/7335"}],"wp:featuredmedia":[{"embeddable":true,"href":"https:\/\/munkacs-katlic.org.ua\/uk\/wp-json\/wp\/v2\/media\/7333"}],"wp:attachment":[{"href":"https:\/\/munkacs-katlic.org.ua\/uk\/wp-json\/wp\/v2\/media?parent=7308"}],"wp:term":[{"taxonomy":"category","embeddable":true,"href":"https:\/\/munkacs-katlic.org.ua\/uk\/wp-json\/wp\/v2\/categories?post=7308"},{"taxonomy":"post_tag","embeddable":true,"href":"https:\/\/munkacs-katlic.org.ua\/uk\/wp-json\/wp\/v2\/tags?post=7308"}],"curies":[{"name":"wp","href":"https:\/\/api.w.org\/{rel}","templated":true}]}}