{"id":7219,"date":"2025-04-08T14:12:12","date_gmt":"2025-04-08T14:12:12","guid":{"rendered":"https:\/\/munkacs-katlic.org.ua\/?p=7219"},"modified":"2025-04-08T14:12:12","modified_gmt":"2025-04-08T14:12:12","slug":"egyuttmukodesi-szerzodes-a-ii-rakoczi-ferenc-karpataljai-magyar-foiskolaval","status":"publish","type":"post","link":"https:\/\/munkacs-katlic.org.ua\/uk\/egyuttmukodesi-szerzodes-a-ii-rakoczi-ferenc-karpataljai-magyar-foiskolaval\/","title":{"rendered":"Egy\u00fcttm\u0171k\u00f6d\u00e9si szerz\u0151d\u00e9s a II.R\u00e1k\u00f3czi Ferenc K\u00e1rp\u00e1taljai Magyar F\u0151iskol\u00e1val"},"content":{"rendered":"<div id=\"fb-root\"><\/div>\n<p>Egy\u00fcttm\u0171k\u00f6d\u00e9si szerz\u0151d\u00e9st \u00edrtunk al\u00e1 a II.R\u00e1k\u00f3czi Ferenc K\u00e1rp\u00e1taljai Magyar F\u0151iskol\u00e1val.<\/p>\n<p><a href=\"https:\/\/munkacs-katlic.org.ua\/wp-content\/uploads\/2025\/04\/487207338_971766354934836_2127698188666171346_n.jpg\"><img decoding=\"async\" loading=\"lazy\" class=\"aligncenter size-large wp-image-7220\" src=\"https:\/\/munkacs-katlic.org.ua\/wp-content\/uploads\/2025\/04\/487207338_971766354934836_2127698188666171346_n-682x1024.jpg\" alt=\"\" width=\"682\" height=\"1024\" srcset=\"https:\/\/munkacs-katlic.org.ua\/wp-content\/uploads\/2025\/04\/487207338_971766354934836_2127698188666171346_n-682x1024.jpg 682w, https:\/\/munkacs-katlic.org.ua\/wp-content\/uploads\/2025\/04\/487207338_971766354934836_2127698188666171346_n-200x300.jpg 200w, https:\/\/munkacs-katlic.org.ua\/wp-content\/uploads\/2025\/04\/487207338_971766354934836_2127698188666171346_n-768x1153.jpg 768w, https:\/\/munkacs-katlic.org.ua\/wp-content\/uploads\/2025\/04\/487207338_971766354934836_2127698188666171346_n-1023x1536.jpg 1023w, https:\/\/munkacs-katlic.org.ua\/wp-content\/uploads\/2025\/04\/487207338_971766354934836_2127698188666171346_n-97x146.jpg 97w, https:\/\/munkacs-katlic.org.ua\/wp-content\/uploads\/2025\/04\/487207338_971766354934836_2127698188666171346_n-33x50.jpg 33w, https:\/\/munkacs-katlic.org.ua\/wp-content\/uploads\/2025\/04\/487207338_971766354934836_2127698188666171346_n-50x75.jpg 50w, https:\/\/munkacs-katlic.org.ua\/wp-content\/uploads\/2025\/04\/487207338_971766354934836_2127698188666171346_n.jpg 1066w\" sizes=\"(max-width: 682px) 100vw, 682px\" \/><\/a><\/p>\n","protected":false},"excerpt":{"rendered":"<p>Egy\u00fcttm\u0171k\u00f6d\u00e9si szerz\u0151d\u00e9st \u00edrtunk al\u00e1 a II.R\u00e1k\u00f3czi Ferenc K\u00e1rp\u00e1taljai Magyar F\u0151iskol\u00e1val.<\/p>\n","protected":false},"author":1,"featured_media":7222,"comment_status":"closed","ping_status":"open","sticky":false,"template":"","format":"standard","meta":{"ngg_post_thumbnail":0},"categories":[1],"tags":[],"_links":{"self":[{"href":"https:\/\/munkacs-katlic.org.ua\/uk\/wp-json\/wp\/v2\/posts\/7219"}],"collection":[{"href":"https:\/\/munkacs-katlic.org.ua\/uk\/wp-json\/wp\/v2\/posts"}],"about":[{"href":"https:\/\/munkacs-katlic.org.ua\/uk\/wp-json\/wp\/v2\/types\/post"}],"author":[{"embeddable":true,"href":"https:\/\/munkacs-katlic.org.ua\/uk\/wp-json\/wp\/v2\/users\/1"}],"replies":[{"embeddable":true,"href":"https:\/\/munkacs-katlic.org.ua\/uk\/wp-json\/wp\/v2\/comments?post=7219"}],"version-history":[{"count":1,"href":"https:\/\/munkacs-katlic.org.ua\/uk\/wp-json\/wp\/v2\/posts\/7219\/revisions"}],"predecessor-version":[{"id":7224,"href":"https:\/\/munkacs-katlic.org.ua\/uk\/wp-json\/wp\/v2\/posts\/7219\/revisions\/7224"}],"wp:featuredmedia":[{"embeddable":true,"href":"https:\/\/munkacs-katlic.org.ua\/uk\/wp-json\/wp\/v2\/media\/7222"}],"wp:attachment":[{"href":"https:\/\/munkacs-katlic.org.ua\/uk\/wp-json\/wp\/v2\/media?parent=7219"}],"wp:term":[{"taxonomy":"category","embeddable":true,"href":"https:\/\/munkacs-katlic.org.ua\/uk\/wp-json\/wp\/v2\/categories?post=7219"},{"taxonomy":"post_tag","embeddable":true,"href":"https:\/\/munkacs-katlic.org.ua\/uk\/wp-json\/wp\/v2\/tags?post=7219"}],"curies":[{"name":"wp","href":"https:\/\/api.w.org\/{rel}","templated":true}]}}