{"id":7174,"date":"2025-04-08T14:07:47","date_gmt":"2025-04-08T14:07:47","guid":{"rendered":"https:\/\/munkacs-katlic.org.ua\/?p=7174"},"modified":"2025-04-08T14:07:47","modified_gmt":"2025-04-08T14:07:47","slug":"kozos-lelkigyakorlat-a-liceum-diakjai-szamara","status":"publish","type":"post","link":"https:\/\/munkacs-katlic.org.ua\/uk\/kozos-lelkigyakorlat-a-liceum-diakjai-szamara\/","title":{"rendered":"K\u00f6z\u00f6s lelkigyakorlat a l\u00edceum di\u00e1kjai sz\u00e1m\u00e1ra"},"content":{"rendered":"<div id=\"fb-root\"><\/div>\n<p>Az elm\u00falt h\u00e9tv\u00e9g\u00e9n l\u00edceumunk di\u00e1kjai egy k\u00fcl\u00f6nleges lelkigyakorlaton vehettek r\u00e9szt, amelynek k\u00f6zponti t\u00e9m\u00e1ja: \u201cA rem\u00e9ny ember\u00e9v\u00e9 v\u00e1lni\u201d. A lelkigyakorlatok fontos szerepet t\u00f6ltenek be a fiatalok \u00e9let\u00e9ben, hiszen a mindennapokb\u00f3l kiszakadva k\u00f6zelebb ker\u00fclhetnek Istenhez.<\/p>\n<p>A soksz\u00edn\u0171 programok, mint kir\u00e1ndul\u00e1s, el\u0151ad\u00e1sok, mozg\u00e1sos j\u00e1t\u00e9kok &#8211;&nbsp; nemcsak \u00e9lm\u00e9nyekkel gazdag\u00edtott\u00e1k a r\u00e9sztvev\u0151ket, hanem seg\u00edtettek a k\u00f6z\u00f6ss\u00e9g \u00e9p\u00edt\u00e9s\u00e9ben is. A szentmise \u00e9s a kereszt\u00fat k\u00fcl\u00f6nleges alkalmat teremtett a lelki elcsendesed\u00e9sre, m\u00edg az oszt\u00e1lyf\u0151n\u00f6k\u00f6kkel t\u00f6lt\u00f6tt id\u0151 szorosabb k\u00f6tel\u00e9ket alak\u00edtott ki az oszt\u00e1lyf\u0151n\u00f6k \u00e9s di\u00e1kok k\u00f6z\u00f6tt.<\/p>\n<p>Ezek az eml\u00e9kek biztosan hossz\u00fa id\u0151re megmaradnak mindannyiunkban, \u00e9s er\u0151t adnak majd a mindennapok kih\u00edv\u00e1saihoz.<\/p>\nngg_shortcode_0_placeholder\n","protected":false},"excerpt":{"rendered":"<p>Az elm\u00falt h\u00e9tv\u00e9g\u00e9n l\u00edceumunk di\u00e1kjai egy k\u00fcl\u00f6nleges lelkigyakorlaton vehettek r\u00e9szt, amelynek k\u00f6zponti t\u00e9m\u00e1ja: \u201cA rem\u00e9ny ember\u00e9v\u00e9 v\u00e1lni\u201d. A lelkigyakorlatok fontos szerepet t\u00f6ltenek be a fiatalok \u00e9let\u00e9ben,<span class=\"excerpt-hellip\"> [\u2026]<\/span><\/p>\n","protected":false},"author":1,"featured_media":7211,"comment_status":"open","ping_status":"open","sticky":false,"template":"","format":"standard","meta":{"ngg_post_thumbnail":0},"categories":[4,1],"tags":[],"_links":{"self":[{"href":"https:\/\/munkacs-katlic.org.ua\/uk\/wp-json\/wp\/v2\/posts\/7174"}],"collection":[{"href":"https:\/\/munkacs-katlic.org.ua\/uk\/wp-json\/wp\/v2\/posts"}],"about":[{"href":"https:\/\/munkacs-katlic.org.ua\/uk\/wp-json\/wp\/v2\/types\/post"}],"author":[{"embeddable":true,"href":"https:\/\/munkacs-katlic.org.ua\/uk\/wp-json\/wp\/v2\/users\/1"}],"replies":[{"embeddable":true,"href":"https:\/\/munkacs-katlic.org.ua\/uk\/wp-json\/wp\/v2\/comments?post=7174"}],"version-history":[{"count":2,"href":"https:\/\/munkacs-katlic.org.ua\/uk\/wp-json\/wp\/v2\/posts\/7174\/revisions"}],"predecessor-version":[{"id":7214,"href":"https:\/\/munkacs-katlic.org.ua\/uk\/wp-json\/wp\/v2\/posts\/7174\/revisions\/7214"}],"wp:featuredmedia":[{"embeddable":true,"href":"https:\/\/munkacs-katlic.org.ua\/uk\/wp-json\/wp\/v2\/media\/7211"}],"wp:attachment":[{"href":"https:\/\/munkacs-katlic.org.ua\/uk\/wp-json\/wp\/v2\/media?parent=7174"}],"wp:term":[{"taxonomy":"category","embeddable":true,"href":"https:\/\/munkacs-katlic.org.ua\/uk\/wp-json\/wp\/v2\/categories?post=7174"},{"taxonomy":"post_tag","embeddable":true,"href":"https:\/\/munkacs-katlic.org.ua\/uk\/wp-json\/wp\/v2\/tags?post=7174"}],"curies":[{"name":"wp","href":"https:\/\/api.w.org\/{rel}","templated":true}]}}