{"id":7054,"date":"2025-04-08T12:46:35","date_gmt":"2025-04-08T12:46:35","guid":{"rendered":"https:\/\/munkacs-katlic.org.ua\/?p=7054"},"modified":"2025-04-08T12:46:35","modified_gmt":"2025-04-08T12:46:35","slug":"tanaraink-budapesti-utazasa","status":"publish","type":"post","link":"https:\/\/munkacs-katlic.org.ua\/uk\/tanaraink-budapesti-utazasa\/","title":{"rendered":"Tan\u00e1raink budapesti utaz\u00e1sa"},"content":{"rendered":"<div id=\"fb-root\"><\/div>\n<p>A l\u00edceum tan\u00e1rai felejthetetlen kultur\u00e1lis utaz\u00e1son vettek r\u00e9szt Budapesten febru\u00e1r 14-15. k\u00f6z\u00f6tt.<\/p>\n<p>P\u00e9nteken a Sz\u00e9pm\u0171v\u00e9szeti M\u00fazeumba l\u00e1togattunk, ahol Munk\u00e1csy Mih\u00e1ly leny\u0171g\u00f6z\u0151 festm\u00e9nyeit tekinthett\u00fck meg. A festm\u00e9nyek hangulata, a r\u00e9szletek kidolgozotts\u00e1ga \u00e9s a benn\u00fck rejl\u0151 t\u00f6rt\u00e9netek k\u00fcl\u00f6nleges \u00e9lm\u00e9nyt ny\u00fajtottak sz\u00e1munkra. Innen a Magyar Zene H\u00e1z\u00e1ba vezetett az \u00fat, ahol igaz\u00e1n modern \u00e9s interakt\u00edv m\u00f3don ismerkedhett\u00fcnk meg a zene vil\u00e1g\u00e1val. A ki\u00e1ll\u00edt\u00e1sok \u00e9s a hang\u00e9lm\u00e9nyek mindenkit mag\u00e1val ragadtak! Szombaton a Parlament impoz\u00e1ns \u00e9p\u00fclet\u00e9t csod\u00e1lhattuk meg. A hatalmas terek, a leny\u0171g\u00f6z\u0151 d\u00edsz\u00edt\u00e9sek \u00e9s a t\u00f6rt\u00e9nelmi jelent\u0151s\u00e9g\u0171 t\u00e1rgyak mind-mind hozz\u00e1j\u00e1rultak ahhoz, hogy egy igaz\u00e1n k\u00fcl\u00f6nleges \u00e9lm\u00e9nyt \u00e9lj\u00fcnk \u00e1t. Egy ilyen helyen j\u00e1rva az ember m\u00e9g ink\u00e1bb \u00e9rt\u00e9keli a magyar t\u00f6rt\u00e9nelem \u00e9s kult\u00fara nagys\u00e1g\u00e1t!<\/p>\n<p>H\u00e1l\u00e1sak vagyunk ez\u00e9rt a tartalmas \u00e9s izgalmas h\u00e9tv\u00e9g\u00e9\u00e9rt! K\u00f6sz\u00f6nj\u00fck Pfeifer Anit\u00e1nak az \u00fat megszervez\u00e9s\u00e9t \u00e9s az idegenvezet\u00e9st! K\u00fcl\u00f6n k\u00f6sz\u00f6net dr. Panyi Mikl\u00f3s strat\u00e9giai \u00e1llamtitk\u00e1rnak, valamint dr. Vuncs Rajmund kabinetf\u0151n\u00f6knek, hogy ezt az \u00e9lm\u00e9nyt lehet\u0151v\u00e9 tett\u00e9k sz\u00e1munkra!<\/p>\n","protected":false},"excerpt":{"rendered":"<p>A l\u00edceum tan\u00e1rai felejthetetlen kultur\u00e1lis utaz\u00e1son vettek r\u00e9szt Budapesten febru\u00e1r 14-15. k\u00f6z\u00f6tt. P\u00e9nteken a Sz\u00e9pm\u0171v\u00e9szeti M\u00fazeumba l\u00e1togattunk, ahol Munk\u00e1csy Mih\u00e1ly leny\u0171g\u00f6z\u0151 festm\u00e9nyeit tekinthett\u00fck meg. A festm\u00e9nyek<span class=\"excerpt-hellip\"> [\u2026]<\/span><\/p>\n","protected":false},"author":1,"featured_media":7055,"comment_status":"closed","ping_status":"open","sticky":false,"template":"","format":"video","meta":{"ngg_post_thumbnail":0},"categories":[1],"tags":[],"_links":{"self":[{"href":"https:\/\/munkacs-katlic.org.ua\/uk\/wp-json\/wp\/v2\/posts\/7054"}],"collection":[{"href":"https:\/\/munkacs-katlic.org.ua\/uk\/wp-json\/wp\/v2\/posts"}],"about":[{"href":"https:\/\/munkacs-katlic.org.ua\/uk\/wp-json\/wp\/v2\/types\/post"}],"author":[{"embeddable":true,"href":"https:\/\/munkacs-katlic.org.ua\/uk\/wp-json\/wp\/v2\/users\/1"}],"replies":[{"embeddable":true,"href":"https:\/\/munkacs-katlic.org.ua\/uk\/wp-json\/wp\/v2\/comments?post=7054"}],"version-history":[{"count":1,"href":"https:\/\/munkacs-katlic.org.ua\/uk\/wp-json\/wp\/v2\/posts\/7054\/revisions"}],"predecessor-version":[{"id":7057,"href":"https:\/\/munkacs-katlic.org.ua\/uk\/wp-json\/wp\/v2\/posts\/7054\/revisions\/7057"}],"wp:featuredmedia":[{"embeddable":true,"href":"https:\/\/munkacs-katlic.org.ua\/uk\/wp-json\/wp\/v2\/media\/7055"}],"wp:attachment":[{"href":"https:\/\/munkacs-katlic.org.ua\/uk\/wp-json\/wp\/v2\/media?parent=7054"}],"wp:term":[{"taxonomy":"category","embeddable":true,"href":"https:\/\/munkacs-katlic.org.ua\/uk\/wp-json\/wp\/v2\/categories?post=7054"},{"taxonomy":"post_tag","embeddable":true,"href":"https:\/\/munkacs-katlic.org.ua\/uk\/wp-json\/wp\/v2\/tags?post=7054"}],"curies":[{"name":"wp","href":"https:\/\/api.w.org\/{rel}","templated":true}]}}