{"id":7022,"date":"2025-04-08T12:28:40","date_gmt":"2025-04-08T12:28:40","guid":{"rendered":"https:\/\/munkacs-katlic.org.ua\/?p=7022"},"modified":"2025-04-08T12:28:40","modified_gmt":"2025-04-08T12:28:40","slug":"a-munkacsi-szent-istvan-liceum-igazgatojanak-elismerese","status":"publish","type":"post","link":"https:\/\/munkacs-katlic.org.ua\/uk\/a-munkacsi-szent-istvan-liceum-igazgatojanak-elismerese\/","title":{"rendered":"A Munk\u00e1csi Szent Istv\u00e1n L\u00edceum igazgat\u00f3j\u00e1nak elismer\u00e9se"},"content":{"rendered":"<div id=\"fb-root\"><\/div>\n<p>A K\u00e1rp\u00e1taljai Magyar M\u0171vel\u0151d\u00e9si Int\u00e9zet \u00fcnnepi megeml\u00e9kez\u00e9st tartott a magyar kult\u00fara napja alkalm\u00e1b\u00f3l 2025. janu\u00e1r 22-\u00e9n. Az \u00fcnneps\u00e9g keret\u00e9ben az Anyanyelv\u00e1pol\u00f3k Sz\u00f6vets\u00e9ge (Budapest) elismer\u00e9sben r\u00e9szes\u00edtette Mihalovics Attil\u00e1t, a Munk\u00e1csi Szent Istv\u00e1n L\u00edceum igazgat\u00f3j\u00e1t, aki a k\u00e1rp\u00e1taljai magyar kult\u00fara \u00e9s oktat\u00e1s fejleszt\u00e9s\u00e9ben v\u00e9gzett \u00e1ldozatos munk\u00e1j\u00e1\u00e9rt vehette \u00e1t az oklevelet a szakmai bizotts\u00e1g el\u0151terjeszt\u00e9se alapj\u00e1n. Sz\u00edvb\u0151l gratul\u00e1lunk ehhez a kit\u00fcntet\u00e9shez \u00e9s tov\u00e1bbi sikereket k\u00edv\u00e1nunk a magyar kult\u00fara szolg\u00e1lat\u00e1ban!<\/p>\n<p><a href=\"https:\/\/munkacs-katlic.org.ua\/wp-content\/uploads\/2025\/04\/1000000025-scaled.jpg\"><img decoding=\"async\" loading=\"lazy\" class=\"aligncenter size-large wp-image-7025\" src=\"https:\/\/munkacs-katlic.org.ua\/wp-content\/uploads\/2025\/04\/1000000025-878x1024.jpg\" alt=\"\" width=\"878\" height=\"1024\" srcset=\"https:\/\/munkacs-katlic.org.ua\/wp-content\/uploads\/2025\/04\/1000000025-878x1024.jpg 878w, https:\/\/munkacs-katlic.org.ua\/wp-content\/uploads\/2025\/04\/1000000025-257x300.jpg 257w, https:\/\/munkacs-katlic.org.ua\/wp-content\/uploads\/2025\/04\/1000000025-768x896.jpg 768w, https:\/\/munkacs-katlic.org.ua\/wp-content\/uploads\/2025\/04\/1000000025-1317x1536.jpg 1317w, https:\/\/munkacs-katlic.org.ua\/wp-content\/uploads\/2025\/04\/1000000025-1755x2048.jpg 1755w, https:\/\/munkacs-katlic.org.ua\/wp-content\/uploads\/2025\/04\/1000000025-125x146.jpg 125w, https:\/\/munkacs-katlic.org.ua\/wp-content\/uploads\/2025\/04\/1000000025-43x50.jpg 43w, https:\/\/munkacs-katlic.org.ua\/wp-content\/uploads\/2025\/04\/1000000025-64x75.jpg 64w\" sizes=\"(max-width: 878px) 100vw, 878px\" \/><\/a><\/p>\n","protected":false},"excerpt":{"rendered":"<p>A K\u00e1rp\u00e1taljai Magyar M\u0171vel\u0151d\u00e9si Int\u00e9zet \u00fcnnepi megeml\u00e9kez\u00e9st tartott a magyar kult\u00fara napja alkalm\u00e1b\u00f3l 2025. janu\u00e1r 22-\u00e9n. Az \u00fcnneps\u00e9g keret\u00e9ben az Anyanyelv\u00e1pol\u00f3k Sz\u00f6vets\u00e9ge (Budapest) elismer\u00e9sben r\u00e9szes\u00edtette Mihalovics<span class=\"excerpt-hellip\"> [\u2026]<\/span><\/p>\n","protected":false},"author":1,"featured_media":7023,"comment_status":"closed","ping_status":"open","sticky":false,"template":"","format":"standard","meta":{"ngg_post_thumbnail":0},"categories":[1],"tags":[],"_links":{"self":[{"href":"https:\/\/munkacs-katlic.org.ua\/uk\/wp-json\/wp\/v2\/posts\/7022"}],"collection":[{"href":"https:\/\/munkacs-katlic.org.ua\/uk\/wp-json\/wp\/v2\/posts"}],"about":[{"href":"https:\/\/munkacs-katlic.org.ua\/uk\/wp-json\/wp\/v2\/types\/post"}],"author":[{"embeddable":true,"href":"https:\/\/munkacs-katlic.org.ua\/uk\/wp-json\/wp\/v2\/users\/1"}],"replies":[{"embeddable":true,"href":"https:\/\/munkacs-katlic.org.ua\/uk\/wp-json\/wp\/v2\/comments?post=7022"}],"version-history":[{"count":1,"href":"https:\/\/munkacs-katlic.org.ua\/uk\/wp-json\/wp\/v2\/posts\/7022\/revisions"}],"predecessor-version":[{"id":7027,"href":"https:\/\/munkacs-katlic.org.ua\/uk\/wp-json\/wp\/v2\/posts\/7022\/revisions\/7027"}],"wp:featuredmedia":[{"embeddable":true,"href":"https:\/\/munkacs-katlic.org.ua\/uk\/wp-json\/wp\/v2\/media\/7023"}],"wp:attachment":[{"href":"https:\/\/munkacs-katlic.org.ua\/uk\/wp-json\/wp\/v2\/media?parent=7022"}],"wp:term":[{"taxonomy":"category","embeddable":true,"href":"https:\/\/munkacs-katlic.org.ua\/uk\/wp-json\/wp\/v2\/categories?post=7022"},{"taxonomy":"post_tag","embeddable":true,"href":"https:\/\/munkacs-katlic.org.ua\/uk\/wp-json\/wp\/v2\/tags?post=7022"}],"curies":[{"name":"wp","href":"https:\/\/api.w.org\/{rel}","templated":true}]}}