{"id":6336,"date":"2025-02-12T12:18:03","date_gmt":"2025-02-12T12:18:03","guid":{"rendered":"https:\/\/munkacs-katlic.org.ua\/?p=6336"},"modified":"2025-02-12T12:18:48","modified_gmt":"2025-02-12T12:18:48","slug":"nyilt-nap-2025","status":"publish","type":"post","link":"https:\/\/munkacs-katlic.org.ua\/uk\/nyilt-nap-2025\/","title":{"rendered":"Ny\u00edlt nap"},"content":{"rendered":"<div id=\"fb-root\"><\/div>\n<p><span style=\"font-size: 14pt;\">Szeretettel h\u00edvunk \u00e9s v\u00e1runk minden \u00e9rdekl\u0151d\u0151 di\u00e1kot \u00e9s sz\u00fcl\u0151t a Munk\u00e1csi Szent Istv\u00e1n L\u00edceum ny\u00edlt napj\u00e1ra, amelyre <strong>2025. \u00e1prilis 11-\u00e9n<\/strong> ker\u00fcl sor! Ez egy k\u00fcl\u00f6nleges alkalom, hogy testk\u00f6zelb\u0151l megtapasztalj\u00e1k l\u00edceumunk bar\u00e1ts\u00e1gos, t\u00e1mogat\u00f3 l\u00e9gk\u00f6r\u00e9t \u00e9s bepillant\u00e1st nyerjenek mindennapjainkba.<\/span><\/p>\n<p><span style=\"font-size: 14pt;\">Ny\u00edlt napunkon lehet\u0151s\u00e9g\u00fck lesz megismerkedni a l\u00edceum tan\u00e1raival, di\u00e1kjaival, felfedezni tantermeinket, \u00e9s \u00e1t\u00e9lni azokat az \u00e9lm\u00e9nyeket, amelyek r\u00e1nk jellemz\u0151ek. Rendhagy\u00f3 tan\u00f3r\u00e1kkal \u00e9s izgalmas foglalkoz\u00e1sokkal k\u00e9sz\u00fcl\u00fcnk, hogy ne csak l\u00e1ss\u00e1k, hanem \u00e9rezz\u00e9k is, milyen n\u00e1lunk tanulni.<\/span><\/p>\n<p><span style=\"font-size: 14pt;\">A programot finom eb\u00e9ddel z\u00e1rjuk, amely nem csup\u00e1n egy k\u00f6z\u00f6s \u00e9tkez\u00e9s, hanem egy remek alkalom a k\u00f6tetlen besz\u00e9lget\u00e9sekre, \u00faj kapcsolatok kialak\u00edt\u00e1s\u00e1ra, \u00e9s arra, hogy minden k\u00e9rd\u00e9s\u00fckre v\u00e1laszt kapjanak.<\/span><\/p>\n<p><span style=\"font-size: 14pt;\">A Munk\u00e1csi Szent Istv\u00e1n L\u00edceum szeretettel v\u00e1rja a felv\u00e9teliz\u0151 di\u00e1kokat! 2025. m\u00e1jus 3-\u00e1n 9:00 \u00f3r\u00e1t\u00f3l (k\u00f6z\u00e9p-eur\u00f3pai id\u0151 szerint) konzult\u00e1ci\u00f3s lehet\u0151s\u00e9get biztos\u00edtunk azoknak, akik szeretn\u00e9nek t\u00f6bbet megtudni a felv\u00e9telir\u0151l.<\/span><\/p>\n<p><span style=\"font-size: 14pt;\">A felv\u00e9teli vizsg\u00e1k id\u0151pontja: 2025. m\u00e1jus 17. (szombat), 9:00 \u00f3r\u00e1t\u00f3l (k\u00f6z\u00e9p-eur\u00f3pai id\u0151 szerint).<\/span><\/p>\n<p><span style=\"font-size: 14pt;\">Jelentkezni szem\u00e9lyesen a l\u00edceumban vagy online \u0171rlap kit\u00f6lt\u00e9s\u00e9vel lehet, amely el\u00e9rhet\u0151 itt:<\/span><\/p>\n<p><span style=\"font-size: 14pt;\"> <a href=\"https:\/\/docs.google.com\/forms\/d\/13FZBkc-3ELyQoCmDWnsq_VLMmV7_b_-AQWobKKWZxcw\/edit?pli=1\">https:\/\/docs.google.com\/forms\/d\/13FZBkc-3ELyQoCmDWnsq_VLMmV7_b_-AQWobKKWZxcw\/edit?pli=1<\/a><\/span><\/p>\n<p><span style=\"font-size: 14pt;\">L\u00e1togassanak el hozz\u00e1nk, ismerj\u00e9k meg int\u00e9zm\u00e9ny\u00fcnket, \u00e9s tapasztalj\u00e1k meg, mi\u00e9rt \u00e9rdemes a Munk\u00e1csi Szent Istv\u00e1n L\u00edceum k\u00f6z\u00f6ss\u00e9g\u00e9hez tartozni!<\/span><\/p>\n","protected":false},"excerpt":{"rendered":"<p>Szeretettel h\u00edvunk \u00e9s v\u00e1runk minden \u00e9rdekl\u0151d\u0151 di\u00e1kot \u00e9s sz\u00fcl\u0151t a Munk\u00e1csi Szent Istv\u00e1n L\u00edceum ny\u00edlt napj\u00e1ra, amelyre 2025. \u00e1prilis 11-\u00e9n ker\u00fcl sor! Ez egy k\u00fcl\u00f6nleges alkalom,<span class=\"excerpt-hellip\"> [\u2026]<\/span><\/p>\n","protected":false},"author":1,"featured_media":6326,"comment_status":"closed","ping_status":"open","sticky":false,"template":"","format":"standard","meta":{"ngg_post_thumbnail":0},"categories":[1],"tags":[],"_links":{"self":[{"href":"https:\/\/munkacs-katlic.org.ua\/uk\/wp-json\/wp\/v2\/posts\/6336"}],"collection":[{"href":"https:\/\/munkacs-katlic.org.ua\/uk\/wp-json\/wp\/v2\/posts"}],"about":[{"href":"https:\/\/munkacs-katlic.org.ua\/uk\/wp-json\/wp\/v2\/types\/post"}],"author":[{"embeddable":true,"href":"https:\/\/munkacs-katlic.org.ua\/uk\/wp-json\/wp\/v2\/users\/1"}],"replies":[{"embeddable":true,"href":"https:\/\/munkacs-katlic.org.ua\/uk\/wp-json\/wp\/v2\/comments?post=6336"}],"version-history":[{"count":3,"href":"https:\/\/munkacs-katlic.org.ua\/uk\/wp-json\/wp\/v2\/posts\/6336\/revisions"}],"predecessor-version":[{"id":6339,"href":"https:\/\/munkacs-katlic.org.ua\/uk\/wp-json\/wp\/v2\/posts\/6336\/revisions\/6339"}],"wp:featuredmedia":[{"embeddable":true,"href":"https:\/\/munkacs-katlic.org.ua\/uk\/wp-json\/wp\/v2\/media\/6326"}],"wp:attachment":[{"href":"https:\/\/munkacs-katlic.org.ua\/uk\/wp-json\/wp\/v2\/media?parent=6336"}],"wp:term":[{"taxonomy":"category","embeddable":true,"href":"https:\/\/munkacs-katlic.org.ua\/uk\/wp-json\/wp\/v2\/categories?post=6336"},{"taxonomy":"post_tag","embeddable":true,"href":"https:\/\/munkacs-katlic.org.ua\/uk\/wp-json\/wp\/v2\/tags?post=6336"}],"curies":[{"name":"wp","href":"https:\/\/api.w.org\/{rel}","templated":true}]}}