{"id":5619,"date":"2024-11-29T13:52:29","date_gmt":"2024-11-29T13:52:29","guid":{"rendered":"https:\/\/munkacs-katlic.org.ua\/?p=5619"},"modified":"2024-11-29T13:52:29","modified_gmt":"2024-11-29T13:52:29","slug":"gloria-victis","status":"publish","type":"post","link":"https:\/\/munkacs-katlic.org.ua\/uk\/gloria-victis\/","title":{"rendered":"Gloria Victis"},"content":{"rendered":"<div id=\"fb-root\"><\/div>\n<p>L\u00edceumunk di\u00e1kjai, \u00c9les Bernadett, Kucik Eszter \u00e9s Lec\u00f3 D\u00e1vid, Szem\u00e1k-Neubauer M\u00e1ria tan\u00e1rn\u0151 vezet\u00e9s\u00e9vel r\u00e9szt vettek a R\u00e1k\u00f3czi Sz\u00f6vets\u00e9g \u00e1ltal meghirdetett Gloria Victis T\u00f6rt\u00e9nelmi Vet\u00e9lked\u0151n, valamint az okt\u00f3ber 23-ai programsorozaton Budapesten. A verseny izgalmas kih\u00edv\u00e1st jelentett, amely sor\u00e1n b\u0151v\u00edthett\u00e9tek t\u00f6rt\u00e9nelmi ismereteiteket, m\u00edg az 1956-os megeml\u00e9kez\u00e9s \u00fcnnep\u00e9lyes keretet adott a rendezv\u00e9nyeknek. A vet\u00e9lked\u0151 \u00e9s a kapcsol\u00f3d\u00f3 programok lehet\u0151s\u00e9get ny\u00fajtottak arra, hogy nemcsak tanuljanak, hanem r\u00e9szt vegyenek a nemzeti eml\u00e9kezet \u00e1pol\u00e1s\u00e1ban is&#8230;<\/p>\nngg_shortcode_0_placeholder\n","protected":false},"excerpt":{"rendered":"<p>L\u00edceumunk di\u00e1kjai, \u00c9les Bernadett, Kucik Eszter \u00e9s Lec\u00f3 D\u00e1vid, Szem\u00e1k-Neubauer M\u00e1ria tan\u00e1rn\u0151 vezet\u00e9s\u00e9vel r\u00e9szt vettek a R\u00e1k\u00f3czi Sz\u00f6vets\u00e9g \u00e1ltal meghirdetett Gloria Victis T\u00f6rt\u00e9nelmi Vet\u00e9lked\u0151n, valamint az<span class=\"excerpt-hellip\"> [\u2026]<\/span><\/p>\n","protected":false},"author":1,"featured_media":5627,"comment_status":"open","ping_status":"open","sticky":false,"template":"","format":"standard","meta":{"ngg_post_thumbnail":0},"categories":[4,1],"tags":[],"_links":{"self":[{"href":"https:\/\/munkacs-katlic.org.ua\/uk\/wp-json\/wp\/v2\/posts\/5619"}],"collection":[{"href":"https:\/\/munkacs-katlic.org.ua\/uk\/wp-json\/wp\/v2\/posts"}],"about":[{"href":"https:\/\/munkacs-katlic.org.ua\/uk\/wp-json\/wp\/v2\/types\/post"}],"author":[{"embeddable":true,"href":"https:\/\/munkacs-katlic.org.ua\/uk\/wp-json\/wp\/v2\/users\/1"}],"replies":[{"embeddable":true,"href":"https:\/\/munkacs-katlic.org.ua\/uk\/wp-json\/wp\/v2\/comments?post=5619"}],"version-history":[{"count":1,"href":"https:\/\/munkacs-katlic.org.ua\/uk\/wp-json\/wp\/v2\/posts\/5619\/revisions"}],"predecessor-version":[{"id":5628,"href":"https:\/\/munkacs-katlic.org.ua\/uk\/wp-json\/wp\/v2\/posts\/5619\/revisions\/5628"}],"wp:featuredmedia":[{"embeddable":true,"href":"https:\/\/munkacs-katlic.org.ua\/uk\/wp-json\/wp\/v2\/media\/5627"}],"wp:attachment":[{"href":"https:\/\/munkacs-katlic.org.ua\/uk\/wp-json\/wp\/v2\/media?parent=5619"}],"wp:term":[{"taxonomy":"category","embeddable":true,"href":"https:\/\/munkacs-katlic.org.ua\/uk\/wp-json\/wp\/v2\/categories?post=5619"},{"taxonomy":"post_tag","embeddable":true,"href":"https:\/\/munkacs-katlic.org.ua\/uk\/wp-json\/wp\/v2\/tags?post=5619"}],"curies":[{"name":"wp","href":"https:\/\/api.w.org\/{rel}","templated":true}]}}