{"id":5580,"date":"2024-11-28T14:41:13","date_gmt":"2024-11-28T14:41:13","guid":{"rendered":"https:\/\/munkacs-katlic.org.ua\/?p=5580"},"modified":"2024-11-28T14:41:31","modified_gmt":"2024-11-28T14:41:31","slug":"eucharisztia-az-autopalya-a-mennyorszagba","status":"publish","type":"post","link":"https:\/\/munkacs-katlic.org.ua\/uk\/eucharisztia-az-autopalya-a-mennyorszagba\/","title":{"rendered":"Eucharisztia az aut\u00f3p\u00e1lya a mennyorsz\u00e1gba"},"content":{"rendered":"<div id=\"fb-root\"><\/div>\n<p>A munka\u00f3r\u00e1n a 8. oszt\u00e1lyos di\u00e1kjaink alkot\u00f3 tev\u00e9kenys\u00e9g k\u00f6zben ismerkedtek meg Boldog Carlo Acutis gondolataival. Carlo azt mondta, hogy \u201eaz Eucharisztia az aut\u00f3p\u00e1lya a mennyorsz\u00e1gba,\u201d amivel az Olt\u00e1riszents\u00e9g fontoss\u00e1g\u00e1t hangs\u00falyozta a kereszt\u00e9ny \u00e9letben. A di\u00e1kok nemcsak k\u00e9zzel alkottak, hanem k\u00f6zben Carlo t\u00f6rt\u00e9net\u00e9n kereszt\u00fcl elm\u00e9ly\u00fclhettek a hit \u00e9s az Eucharisztia jelent\u00e9s\u00e9ben is.<\/p>\n<p><a href=\"https:\/\/munkacs-katlic.org.ua\/wp-content\/uploads\/2024\/11\/462705622_861396695971803_8335747099082105672_n.jpg\"><img decoding=\"async\" loading=\"lazy\" class=\"aligncenter size-large wp-image-5582\" src=\"https:\/\/munkacs-katlic.org.ua\/wp-content\/uploads\/2024\/11\/462705622_861396695971803_8335747099082105672_n-1024x641.jpg\" alt=\"\" width=\"1024\" height=\"641\" srcset=\"https:\/\/munkacs-katlic.org.ua\/wp-content\/uploads\/2024\/11\/462705622_861396695971803_8335747099082105672_n-1024x641.jpg 1024w, https:\/\/munkacs-katlic.org.ua\/wp-content\/uploads\/2024\/11\/462705622_861396695971803_8335747099082105672_n-300x188.jpg 300w, https:\/\/munkacs-katlic.org.ua\/wp-content\/uploads\/2024\/11\/462705622_861396695971803_8335747099082105672_n-768x480.jpg 768w, https:\/\/munkacs-katlic.org.ua\/wp-content\/uploads\/2024\/11\/462705622_861396695971803_8335747099082105672_n-1536x961.jpg 1536w, https:\/\/munkacs-katlic.org.ua\/wp-content\/uploads\/2024\/11\/462705622_861396695971803_8335747099082105672_n-233x146.jpg 233w, https:\/\/munkacs-katlic.org.ua\/wp-content\/uploads\/2024\/11\/462705622_861396695971803_8335747099082105672_n-50x31.jpg 50w, https:\/\/munkacs-katlic.org.ua\/wp-content\/uploads\/2024\/11\/462705622_861396695971803_8335747099082105672_n-120x75.jpg 120w, https:\/\/munkacs-katlic.org.ua\/wp-content\/uploads\/2024\/11\/462705622_861396695971803_8335747099082105672_n.jpg 1600w\" sizes=\"(max-width: 1024px) 100vw, 1024px\" \/><\/a><\/p>\n<p><a href=\"https:\/\/munkacs-katlic.org.ua\/wp-content\/uploads\/2024\/11\/462862340_861396689305137_798986427184323702_n.jpg\"><img decoding=\"async\" loading=\"lazy\" class=\"aligncenter size-large wp-image-5583\" src=\"https:\/\/munkacs-katlic.org.ua\/wp-content\/uploads\/2024\/11\/462862340_861396689305137_798986427184323702_n-1024x504.jpg\" alt=\"\" width=\"1024\" height=\"504\" srcset=\"https:\/\/munkacs-katlic.org.ua\/wp-content\/uploads\/2024\/11\/462862340_861396689305137_798986427184323702_n-1024x504.jpg 1024w, https:\/\/munkacs-katlic.org.ua\/wp-content\/uploads\/2024\/11\/462862340_861396689305137_798986427184323702_n-300x148.jpg 300w, https:\/\/munkacs-katlic.org.ua\/wp-content\/uploads\/2024\/11\/462862340_861396689305137_798986427184323702_n-768x378.jpg 768w, https:\/\/munkacs-katlic.org.ua\/wp-content\/uploads\/2024\/11\/462862340_861396689305137_798986427184323702_n-1536x756.jpg 1536w, https:\/\/munkacs-katlic.org.ua\/wp-content\/uploads\/2024\/11\/462862340_861396689305137_798986427184323702_n-260x128.jpg 260w, https:\/\/munkacs-katlic.org.ua\/wp-content\/uploads\/2024\/11\/462862340_861396689305137_798986427184323702_n-50x25.jpg 50w, https:\/\/munkacs-katlic.org.ua\/wp-content\/uploads\/2024\/11\/462862340_861396689305137_798986427184323702_n-150x75.jpg 150w, https:\/\/munkacs-katlic.org.ua\/wp-content\/uploads\/2024\/11\/462862340_861396689305137_798986427184323702_n.jpg 1600w\" sizes=\"(max-width: 1024px) 100vw, 1024px\" \/><\/a><\/p>\n","protected":false},"excerpt":{"rendered":"<p>A munka\u00f3r\u00e1n a 8. oszt\u00e1lyos di\u00e1kjaink alkot\u00f3 tev\u00e9kenys\u00e9g k\u00f6zben ismerkedtek meg Boldog Carlo Acutis gondolataival. Carlo azt mondta, hogy \u201eaz Eucharisztia az aut\u00f3p\u00e1lya a mennyorsz\u00e1gba,\u201d amivel<span class=\"excerpt-hellip\"> [\u2026]<\/span><\/p>\n","protected":false},"author":1,"featured_media":5581,"comment_status":"closed","ping_status":"open","sticky":false,"template":"","format":"standard","meta":{"ngg_post_thumbnail":0},"categories":[1],"tags":[],"_links":{"self":[{"href":"https:\/\/munkacs-katlic.org.ua\/uk\/wp-json\/wp\/v2\/posts\/5580"}],"collection":[{"href":"https:\/\/munkacs-katlic.org.ua\/uk\/wp-json\/wp\/v2\/posts"}],"about":[{"href":"https:\/\/munkacs-katlic.org.ua\/uk\/wp-json\/wp\/v2\/types\/post"}],"author":[{"embeddable":true,"href":"https:\/\/munkacs-katlic.org.ua\/uk\/wp-json\/wp\/v2\/users\/1"}],"replies":[{"embeddable":true,"href":"https:\/\/munkacs-katlic.org.ua\/uk\/wp-json\/wp\/v2\/comments?post=5580"}],"version-history":[{"count":1,"href":"https:\/\/munkacs-katlic.org.ua\/uk\/wp-json\/wp\/v2\/posts\/5580\/revisions"}],"predecessor-version":[{"id":5584,"href":"https:\/\/munkacs-katlic.org.ua\/uk\/wp-json\/wp\/v2\/posts\/5580\/revisions\/5584"}],"wp:featuredmedia":[{"embeddable":true,"href":"https:\/\/munkacs-katlic.org.ua\/uk\/wp-json\/wp\/v2\/media\/5581"}],"wp:attachment":[{"href":"https:\/\/munkacs-katlic.org.ua\/uk\/wp-json\/wp\/v2\/media?parent=5580"}],"wp:term":[{"taxonomy":"category","embeddable":true,"href":"https:\/\/munkacs-katlic.org.ua\/uk\/wp-json\/wp\/v2\/categories?post=5580"},{"taxonomy":"post_tag","embeddable":true,"href":"https:\/\/munkacs-katlic.org.ua\/uk\/wp-json\/wp\/v2\/tags?post=5580"}],"curies":[{"name":"wp","href":"https:\/\/api.w.org\/{rel}","templated":true}]}}