{"id":5437,"date":"2024-11-28T14:21:22","date_gmt":"2024-11-28T14:21:22","guid":{"rendered":"https:\/\/munkacs-katlic.org.ua\/?p=5437"},"modified":"2024-11-28T14:21:22","modified_gmt":"2024-11-28T14:21:22","slug":"aradi-vertanukra-emlekeztunk","status":"publish","type":"post","link":"https:\/\/munkacs-katlic.org.ua\/uk\/aradi-vertanukra-emlekeztunk\/","title":{"rendered":"Aradi v\u00e9rtan\u00fakra eml\u00e9kezt\u00fcnk"},"content":{"rendered":"<div id=\"fb-root\"><\/div>\n<p>Ma, okt\u00f3ber 7-\u00e9n eml\u00e9kezt\u00fcnk meg az aradi v\u00e9rtan\u00fakr\u00f3l, akik a magyar szabads\u00e1gharc h\u0151seik\u00e9nt \u00e1ldozt\u00e1k \u00e9let\u00fcket. Az \u00fcnneps\u00e9g az 1849-es tragikus esem\u00e9nyekre h\u00edvta fel a figyelmet, amikor tizenh\u00e1rom magyar honv\u00e9dtisztet v\u00e9geztek ki Aradon. Hal\u00e1luk a nemzeti \u00f6sszefog\u00e1s \u00e9s a szabads\u00e1g eszm\u00e9je ir\u00e1nti elk\u00f6telezetts\u00e9g szimb\u00f3lum\u00e1v\u00e1 v\u00e1lt. A megeml\u00e9kez\u00e9st Popovics B\u00e9la tan\u00e1r \u00far z\u00e1rta, aki a besz\u00e9d\u00e9ben hangs\u00falyozta, hogy az \u00e9let val\u00f3di \u00e9rtelme Isten akarat\u00e1nak keres\u00e9s\u00e9ben rejlik, m\u00e9g akkor is, ha ez a saj\u00e1t komfortz\u00f3n\u00e1nkb\u00f3l val\u00f3 kil\u00e9p\u00e9st ig\u00e9nyli. Ez az \u00fczenet az aradi v\u00e9rtan\u00fak \u00e1ldozatk\u00e9szs\u00e9g\u00e9nek szellem\u00e9ben a hit \u00e9s a cselekv\u00e9s \u00f6sszhangj\u00e1ra h\u00edvja fel a figyelmet.<\/p>\nngg_shortcode_0_placeholder\n","protected":false},"excerpt":{"rendered":"<p>Ma, okt\u00f3ber 7-\u00e9n eml\u00e9kezt\u00fcnk meg az aradi v\u00e9rtan\u00fakr\u00f3l, akik a magyar szabads\u00e1gharc h\u0151seik\u00e9nt \u00e1ldozt\u00e1k \u00e9let\u00fcket. Az \u00fcnneps\u00e9g az 1849-es tragikus esem\u00e9nyekre h\u00edvta fel a figyelmet, amikor<span class=\"excerpt-hellip\"> [\u2026]<\/span><\/p>\n","protected":false},"author":1,"featured_media":5454,"comment_status":"open","ping_status":"open","sticky":false,"template":"","format":"standard","meta":{"ngg_post_thumbnail":0},"categories":[4,1],"tags":[],"_links":{"self":[{"href":"https:\/\/munkacs-katlic.org.ua\/uk\/wp-json\/wp\/v2\/posts\/5437"}],"collection":[{"href":"https:\/\/munkacs-katlic.org.ua\/uk\/wp-json\/wp\/v2\/posts"}],"about":[{"href":"https:\/\/munkacs-katlic.org.ua\/uk\/wp-json\/wp\/v2\/types\/post"}],"author":[{"embeddable":true,"href":"https:\/\/munkacs-katlic.org.ua\/uk\/wp-json\/wp\/v2\/users\/1"}],"replies":[{"embeddable":true,"href":"https:\/\/munkacs-katlic.org.ua\/uk\/wp-json\/wp\/v2\/comments?post=5437"}],"version-history":[{"count":1,"href":"https:\/\/munkacs-katlic.org.ua\/uk\/wp-json\/wp\/v2\/posts\/5437\/revisions"}],"predecessor-version":[{"id":5455,"href":"https:\/\/munkacs-katlic.org.ua\/uk\/wp-json\/wp\/v2\/posts\/5437\/revisions\/5455"}],"wp:featuredmedia":[{"embeddable":true,"href":"https:\/\/munkacs-katlic.org.ua\/uk\/wp-json\/wp\/v2\/media\/5454"}],"wp:attachment":[{"href":"https:\/\/munkacs-katlic.org.ua\/uk\/wp-json\/wp\/v2\/media?parent=5437"}],"wp:term":[{"taxonomy":"category","embeddable":true,"href":"https:\/\/munkacs-katlic.org.ua\/uk\/wp-json\/wp\/v2\/categories?post=5437"},{"taxonomy":"post_tag","embeddable":true,"href":"https:\/\/munkacs-katlic.org.ua\/uk\/wp-json\/wp\/v2\/tags?post=5437"}],"curies":[{"name":"wp","href":"https:\/\/api.w.org\/{rel}","templated":true}]}}