{"id":5331,"date":"2024-11-28T13:57:41","date_gmt":"2024-11-28T13:57:41","guid":{"rendered":"https:\/\/munkacs-katlic.org.ua\/?p=5331"},"modified":"2024-11-28T13:57:41","modified_gmt":"2024-11-28T13:57:41","slug":"lavas-party","status":"publish","type":"post","link":"https:\/\/munkacs-katlic.org.ua\/uk\/lavas-party\/","title":{"rendered":"L\u00e1v\u00e1s party"},"content":{"rendered":"<div id=\"fb-root\"><\/div>\n<p>A gasztron\u00f3mi\u00e1t, az alkot\u00e1s \u00f6r\u00f6m\u00e9t \u00e9s a k\u00f6z\u00f6ss\u00e9g erej\u00e9t egyes\u00edtett\u00fck a l\u00edceumi l\u00e1v\u00e1s party-n az eg\u00e9szs\u00e9gv\u00e9delmi h\u00e9t alkalm\u00e1b\u00f3l. Felh\u00edvtuk a figyelmet az eg\u00e9szs\u00e9ges \u00e9letm\u00f3dra, az eg\u00e9szs\u00e9ges t\u00e1pl\u00e1lkoz\u00e1sra, a v\u00edzfogyaszt\u00e1s fontoss\u00e1g\u00e1ra.<\/p>\n<p>A l\u00e1v\u00e1st minden di\u00e1k saj\u00e1t \u00edz vil\u00e1ga szerint k\u00e9sz\u00edtette el. Ker\u00fclt bele sok z\u00f6lds\u00e9g, csirke, kr\u00e9msajt \u00e9s mindenki maga s\u00fcthette meg. Saj\u00e1t k\u00e9sz\u00edt\u00e9s\u0171 limon\u00e1d\u00e9t is ihattak di\u00e1kjaink. Igazi kerti party hangulat uralkodott a l\u00edceum udvar\u00e1n.<\/p>\n","protected":false},"excerpt":{"rendered":"<p>A gasztron\u00f3mi\u00e1t, az alkot\u00e1s \u00f6r\u00f6m\u00e9t \u00e9s a k\u00f6z\u00f6ss\u00e9g erej\u00e9t egyes\u00edtett\u00fck a l\u00edceumi l\u00e1v\u00e1s party-n az eg\u00e9szs\u00e9gv\u00e9delmi h\u00e9t alkalm\u00e1b\u00f3l. Felh\u00edvtuk a figyelmet az eg\u00e9szs\u00e9ges \u00e9letm\u00f3dra, az eg\u00e9szs\u00e9ges<span class=\"excerpt-hellip\"> [\u2026]<\/span><\/p>\n","protected":false},"author":1,"featured_media":5332,"comment_status":"closed","ping_status":"open","sticky":false,"template":"","format":"video","meta":{"ngg_post_thumbnail":0},"categories":[1],"tags":[],"_links":{"self":[{"href":"https:\/\/munkacs-katlic.org.ua\/uk\/wp-json\/wp\/v2\/posts\/5331"}],"collection":[{"href":"https:\/\/munkacs-katlic.org.ua\/uk\/wp-json\/wp\/v2\/posts"}],"about":[{"href":"https:\/\/munkacs-katlic.org.ua\/uk\/wp-json\/wp\/v2\/types\/post"}],"author":[{"embeddable":true,"href":"https:\/\/munkacs-katlic.org.ua\/uk\/wp-json\/wp\/v2\/users\/1"}],"replies":[{"embeddable":true,"href":"https:\/\/munkacs-katlic.org.ua\/uk\/wp-json\/wp\/v2\/comments?post=5331"}],"version-history":[{"count":1,"href":"https:\/\/munkacs-katlic.org.ua\/uk\/wp-json\/wp\/v2\/posts\/5331\/revisions"}],"predecessor-version":[{"id":5333,"href":"https:\/\/munkacs-katlic.org.ua\/uk\/wp-json\/wp\/v2\/posts\/5331\/revisions\/5333"}],"wp:featuredmedia":[{"embeddable":true,"href":"https:\/\/munkacs-katlic.org.ua\/uk\/wp-json\/wp\/v2\/media\/5332"}],"wp:attachment":[{"href":"https:\/\/munkacs-katlic.org.ua\/uk\/wp-json\/wp\/v2\/media?parent=5331"}],"wp:term":[{"taxonomy":"category","embeddable":true,"href":"https:\/\/munkacs-katlic.org.ua\/uk\/wp-json\/wp\/v2\/categories?post=5331"},{"taxonomy":"post_tag","embeddable":true,"href":"https:\/\/munkacs-katlic.org.ua\/uk\/wp-json\/wp\/v2\/tags?post=5331"}],"curies":[{"name":"wp","href":"https:\/\/api.w.org\/{rel}","templated":true}]}}