{"id":4802,"date":"2024-03-19T13:46:30","date_gmt":"2024-03-19T13:46:30","guid":{"rendered":"https:\/\/munkacs-katlic.org.ua\/?p=4802"},"modified":"2024-03-19T13:46:30","modified_gmt":"2024-03-19T13:46:30","slug":"szeminariumi-foglalkozas","status":"publish","type":"post","link":"https:\/\/munkacs-katlic.org.ua\/uk\/szeminariumi-foglalkozas\/","title":{"rendered":"Szemin\u00e1riumi foglalkoz\u00e1s"},"content":{"rendered":"<div id=\"fb-root\"><\/div>\n<p>L\u00edceumunk ma szemin\u00e1riumi foglalkoz\u00e1snak adott helyett magyar nyelvb\u0151l \u00e9s irodalomb\u00f3l. T\u00e9m\u00e1ja Fejezetek K\u00e1rp\u00e1talja irodalmi \u00e9let\u00e9b\u0151l volt. Az el\u0151ad\u00e1st kedves tan\u00e1runk, Popovics B\u00e9la helyt\u00f6rt\u00e9n\u00e9sz tartotta. Ell\u00e1togatott hozz\u00e1nk V\u00e1ri F\u00e1bi\u00e1n L\u00e1szl\u00f3 \u00edr\u00f3, k\u00f6lt\u0151, m\u0171ford\u00edt\u00f3 \u00e9s n\u00e9prajzkutat\u00f3, aki nem csak bemutatta k\u00f6nyveit, de meg is aj\u00e1nd\u00e9kozta a szemin\u00e1riumon r\u00e9sztvev\u0151 tan\u00e1rokat egy-egy dedik\u00e1lt p\u00e9ld\u00e1nnyal.<\/p>\nngg_shortcode_0_placeholder\n","protected":false},"excerpt":{"rendered":"<p>L\u00edceumunk ma szemin\u00e1riumi foglalkoz\u00e1snak adott helyett magyar nyelvb\u0151l \u00e9s irodalomb\u00f3l. T\u00e9m\u00e1ja Fejezetek K\u00e1rp\u00e1talja irodalmi \u00e9let\u00e9b\u0151l volt. Az el\u0151ad\u00e1st kedves tan\u00e1runk, Popovics B\u00e9la helyt\u00f6rt\u00e9n\u00e9sz tartotta. Ell\u00e1togatott hozz\u00e1nk<span class=\"excerpt-hellip\"> [\u2026]<\/span><\/p>\n","protected":false},"author":1,"featured_media":4809,"comment_status":"open","ping_status":"open","sticky":false,"template":"","format":"standard","meta":{"ngg_post_thumbnail":0},"categories":[4,1],"tags":[],"_links":{"self":[{"href":"https:\/\/munkacs-katlic.org.ua\/uk\/wp-json\/wp\/v2\/posts\/4802"}],"collection":[{"href":"https:\/\/munkacs-katlic.org.ua\/uk\/wp-json\/wp\/v2\/posts"}],"about":[{"href":"https:\/\/munkacs-katlic.org.ua\/uk\/wp-json\/wp\/v2\/types\/post"}],"author":[{"embeddable":true,"href":"https:\/\/munkacs-katlic.org.ua\/uk\/wp-json\/wp\/v2\/users\/1"}],"replies":[{"embeddable":true,"href":"https:\/\/munkacs-katlic.org.ua\/uk\/wp-json\/wp\/v2\/comments?post=4802"}],"version-history":[{"count":1,"href":"https:\/\/munkacs-katlic.org.ua\/uk\/wp-json\/wp\/v2\/posts\/4802\/revisions"}],"predecessor-version":[{"id":4810,"href":"https:\/\/munkacs-katlic.org.ua\/uk\/wp-json\/wp\/v2\/posts\/4802\/revisions\/4810"}],"wp:featuredmedia":[{"embeddable":true,"href":"https:\/\/munkacs-katlic.org.ua\/uk\/wp-json\/wp\/v2\/media\/4809"}],"wp:attachment":[{"href":"https:\/\/munkacs-katlic.org.ua\/uk\/wp-json\/wp\/v2\/media?parent=4802"}],"wp:term":[{"taxonomy":"category","embeddable":true,"href":"https:\/\/munkacs-katlic.org.ua\/uk\/wp-json\/wp\/v2\/categories?post=4802"},{"taxonomy":"post_tag","embeddable":true,"href":"https:\/\/munkacs-katlic.org.ua\/uk\/wp-json\/wp\/v2\/tags?post=4802"}],"curies":[{"name":"wp","href":"https:\/\/api.w.org\/{rel}","templated":true}]}}