{"id":4781,"date":"2024-03-19T13:43:29","date_gmt":"2024-03-19T13:43:29","guid":{"rendered":"https:\/\/munkacs-katlic.org.ua\/?p=4781"},"modified":"2024-03-19T13:44:06","modified_gmt":"2024-03-19T13:44:06","slug":"kapolna","status":"publish","type":"post","link":"https:\/\/munkacs-katlic.org.ua\/uk\/kapolna\/","title":{"rendered":"K\u00e1polna"},"content":{"rendered":"<div id=\"fb-root\"><\/div>\n<p>Sz\u00e9p\u00fcl a k\u00e1poln\u00e1nk Isten dics\u0151s\u00e9g\u00e9re. K\u00f6sz\u00f6nj\u00fck, J\u00f3n\u00e1s Tibor!<\/p>\n<p><a href=\"https:\/\/munkacs-katlic.org.ua\/wp-content\/uploads\/2024\/03\/424933080_725918189519655_4623145781069887153_n.jpg\"><img decoding=\"async\" loading=\"lazy\" class=\"aligncenter size-large wp-image-4783\" src=\"https:\/\/munkacs-katlic.org.ua\/wp-content\/uploads\/2024\/03\/424933080_725918189519655_4623145781069887153_n-1024x768.jpg\" alt=\"\" width=\"1024\" height=\"768\" srcset=\"https:\/\/munkacs-katlic.org.ua\/wp-content\/uploads\/2024\/03\/424933080_725918189519655_4623145781069887153_n-1024x768.jpg 1024w, https:\/\/munkacs-katlic.org.ua\/wp-content\/uploads\/2024\/03\/424933080_725918189519655_4623145781069887153_n-300x225.jpg 300w, https:\/\/munkacs-katlic.org.ua\/wp-content\/uploads\/2024\/03\/424933080_725918189519655_4623145781069887153_n-768x576.jpg 768w, https:\/\/munkacs-katlic.org.ua\/wp-content\/uploads\/2024\/03\/424933080_725918189519655_4623145781069887153_n-1536x1152.jpg 1536w, https:\/\/munkacs-katlic.org.ua\/wp-content\/uploads\/2024\/03\/424933080_725918189519655_4623145781069887153_n-195x146.jpg 195w, https:\/\/munkacs-katlic.org.ua\/wp-content\/uploads\/2024\/03\/424933080_725918189519655_4623145781069887153_n-50x38.jpg 50w, https:\/\/munkacs-katlic.org.ua\/wp-content\/uploads\/2024\/03\/424933080_725918189519655_4623145781069887153_n-100x75.jpg 100w, https:\/\/munkacs-katlic.org.ua\/wp-content\/uploads\/2024\/03\/424933080_725918189519655_4623145781069887153_n-960x720.jpg 960w, https:\/\/munkacs-katlic.org.ua\/wp-content\/uploads\/2024\/03\/424933080_725918189519655_4623145781069887153_n.jpg 1600w\" sizes=\"(max-width: 1024px) 100vw, 1024px\" \/><\/a><\/p>\n","protected":false},"excerpt":{"rendered":"<p>Sz\u00e9p\u00fcl a k\u00e1poln\u00e1nk Isten dics\u0151s\u00e9g\u00e9re. K\u00f6sz\u00f6nj\u00fck, J\u00f3n\u00e1s Tibor!<\/p>\n","protected":false},"author":1,"featured_media":4785,"comment_status":"closed","ping_status":"open","sticky":false,"template":"","format":"standard","meta":{"ngg_post_thumbnail":0},"categories":[1],"tags":[],"_links":{"self":[{"href":"https:\/\/munkacs-katlic.org.ua\/uk\/wp-json\/wp\/v2\/posts\/4781"}],"collection":[{"href":"https:\/\/munkacs-katlic.org.ua\/uk\/wp-json\/wp\/v2\/posts"}],"about":[{"href":"https:\/\/munkacs-katlic.org.ua\/uk\/wp-json\/wp\/v2\/types\/post"}],"author":[{"embeddable":true,"href":"https:\/\/munkacs-katlic.org.ua\/uk\/wp-json\/wp\/v2\/users\/1"}],"replies":[{"embeddable":true,"href":"https:\/\/munkacs-katlic.org.ua\/uk\/wp-json\/wp\/v2\/comments?post=4781"}],"version-history":[{"count":1,"href":"https:\/\/munkacs-katlic.org.ua\/uk\/wp-json\/wp\/v2\/posts\/4781\/revisions"}],"predecessor-version":[{"id":4784,"href":"https:\/\/munkacs-katlic.org.ua\/uk\/wp-json\/wp\/v2\/posts\/4781\/revisions\/4784"}],"wp:featuredmedia":[{"embeddable":true,"href":"https:\/\/munkacs-katlic.org.ua\/uk\/wp-json\/wp\/v2\/media\/4785"}],"wp:attachment":[{"href":"https:\/\/munkacs-katlic.org.ua\/uk\/wp-json\/wp\/v2\/media?parent=4781"}],"wp:term":[{"taxonomy":"category","embeddable":true,"href":"https:\/\/munkacs-katlic.org.ua\/uk\/wp-json\/wp\/v2\/categories?post=4781"},{"taxonomy":"post_tag","embeddable":true,"href":"https:\/\/munkacs-katlic.org.ua\/uk\/wp-json\/wp\/v2\/tags?post=4781"}],"curies":[{"name":"wp","href":"https:\/\/api.w.org\/{rel}","templated":true}]}}