{"id":4771,"date":"2024-03-19T13:41:47","date_gmt":"2024-03-19T13:41:47","guid":{"rendered":"https:\/\/munkacs-katlic.org.ua\/?p=4771"},"modified":"2024-03-19T13:41:47","modified_gmt":"2024-03-19T13:41:47","slug":"februar-21-az-anyanyelv-nemzetkozi-napja","status":"publish","type":"post","link":"https:\/\/munkacs-katlic.org.ua\/uk\/februar-21-az-anyanyelv-nemzetkozi-napja\/","title":{"rendered":"Febru\u00e1r 21. &#8211; az anyanyelv nemzetk\u00f6zi napja"},"content":{"rendered":"<div id=\"fb-root\"><\/div>\n<p>Hogy mennyire sz\u00e9p a magyar nyelv, arra az ajt\u00f3kra kiker\u00fclt szavak h\u00edvt\u00e1k fel a l\u00edceum di\u00e1kjainak \u00e9s tan\u00e1rainak a figyelm\u00e9t.<\/p>\n<p>D\u00e9lut\u00e1n pedig egy j\u00e1t\u00e9kos vet\u00e9lked\u0151re ker\u00fclt sor, Mihalovics Attila tan\u00e1r \u00far vezet\u00e9s\u00e9vel, ami az Anyanyelvem, szeretlek c\u00edmet kapta.<\/p>\nngg_shortcode_0_placeholder\n","protected":false},"excerpt":{"rendered":"<p>Hogy mennyire sz\u00e9p a magyar nyelv, arra az ajt\u00f3kra kiker\u00fclt szavak h\u00edvt\u00e1k fel a l\u00edceum di\u00e1kjainak \u00e9s tan\u00e1rainak a figyelm\u00e9t. D\u00e9lut\u00e1n pedig egy j\u00e1t\u00e9kos vet\u00e9lked\u0151re ker\u00fclt<span class=\"excerpt-hellip\"> [\u2026]<\/span><\/p>\n","protected":false},"author":1,"featured_media":4779,"comment_status":"open","ping_status":"open","sticky":false,"template":"","format":"standard","meta":{"ngg_post_thumbnail":0},"categories":[4,1],"tags":[],"_links":{"self":[{"href":"https:\/\/munkacs-katlic.org.ua\/uk\/wp-json\/wp\/v2\/posts\/4771"}],"collection":[{"href":"https:\/\/munkacs-katlic.org.ua\/uk\/wp-json\/wp\/v2\/posts"}],"about":[{"href":"https:\/\/munkacs-katlic.org.ua\/uk\/wp-json\/wp\/v2\/types\/post"}],"author":[{"embeddable":true,"href":"https:\/\/munkacs-katlic.org.ua\/uk\/wp-json\/wp\/v2\/users\/1"}],"replies":[{"embeddable":true,"href":"https:\/\/munkacs-katlic.org.ua\/uk\/wp-json\/wp\/v2\/comments?post=4771"}],"version-history":[{"count":1,"href":"https:\/\/munkacs-katlic.org.ua\/uk\/wp-json\/wp\/v2\/posts\/4771\/revisions"}],"predecessor-version":[{"id":4780,"href":"https:\/\/munkacs-katlic.org.ua\/uk\/wp-json\/wp\/v2\/posts\/4771\/revisions\/4780"}],"wp:featuredmedia":[{"embeddable":true,"href":"https:\/\/munkacs-katlic.org.ua\/uk\/wp-json\/wp\/v2\/media\/4779"}],"wp:attachment":[{"href":"https:\/\/munkacs-katlic.org.ua\/uk\/wp-json\/wp\/v2\/media?parent=4771"}],"wp:term":[{"taxonomy":"category","embeddable":true,"href":"https:\/\/munkacs-katlic.org.ua\/uk\/wp-json\/wp\/v2\/categories?post=4771"},{"taxonomy":"post_tag","embeddable":true,"href":"https:\/\/munkacs-katlic.org.ua\/uk\/wp-json\/wp\/v2\/tags?post=4771"}],"curies":[{"name":"wp","href":"https:\/\/api.w.org\/{rel}","templated":true}]}}