{"id":4767,"date":"2024-03-19T13:40:35","date_gmt":"2024-03-19T13:40:35","guid":{"rendered":"https:\/\/munkacs-katlic.org.ua\/?p=4767"},"modified":"2024-03-19T13:40:35","modified_gmt":"2024-03-19T13:40:35","slug":"a-magyar-nyelv-hete","status":"publish","type":"post","link":"https:\/\/munkacs-katlic.org.ua\/uk\/a-magyar-nyelv-hete\/","title":{"rendered":"A magyar nyelv hete"},"content":{"rendered":"<div id=\"fb-root\"><\/div>\n<p>Popovics B\u00e9la el\u0151ad\u00e1s\u00e1val megnyitottuk a magyar nyelv het\u00e9t l\u00edceumunkban.<\/p>\n<p><a href=\"https:\/\/munkacs-katlic.org.ua\/wp-content\/uploads\/2024\/03\/428335054_724811742963633_8444898458304603281_n.jpg\"><img decoding=\"async\" loading=\"lazy\" class=\"aligncenter size-large wp-image-4769\" src=\"https:\/\/munkacs-katlic.org.ua\/wp-content\/uploads\/2024\/03\/428335054_724811742963633_8444898458304603281_n-1024x576.jpg\" alt=\"\" width=\"1024\" height=\"576\" srcset=\"https:\/\/munkacs-katlic.org.ua\/wp-content\/uploads\/2024\/03\/428335054_724811742963633_8444898458304603281_n-1024x576.jpg 1024w, https:\/\/munkacs-katlic.org.ua\/wp-content\/uploads\/2024\/03\/428335054_724811742963633_8444898458304603281_n-300x169.jpg 300w, https:\/\/munkacs-katlic.org.ua\/wp-content\/uploads\/2024\/03\/428335054_724811742963633_8444898458304603281_n-768x432.jpg 768w, https:\/\/munkacs-katlic.org.ua\/wp-content\/uploads\/2024\/03\/428335054_724811742963633_8444898458304603281_n-1536x864.jpg 1536w, https:\/\/munkacs-katlic.org.ua\/wp-content\/uploads\/2024\/03\/428335054_724811742963633_8444898458304603281_n-260x146.jpg 260w, https:\/\/munkacs-katlic.org.ua\/wp-content\/uploads\/2024\/03\/428335054_724811742963633_8444898458304603281_n-50x28.jpg 50w, https:\/\/munkacs-katlic.org.ua\/wp-content\/uploads\/2024\/03\/428335054_724811742963633_8444898458304603281_n-133x75.jpg 133w, https:\/\/munkacs-katlic.org.ua\/wp-content\/uploads\/2024\/03\/428335054_724811742963633_8444898458304603281_n-1200x675.jpg 1200w, https:\/\/munkacs-katlic.org.ua\/wp-content\/uploads\/2024\/03\/428335054_724811742963633_8444898458304603281_n.jpg 1600w\" sizes=\"(max-width: 1024px) 100vw, 1024px\" \/><\/a><\/p>\n","protected":false},"excerpt":{"rendered":"<p>Popovics B\u00e9la el\u0151ad\u00e1s\u00e1val megnyitottuk a magyar nyelv het\u00e9t l\u00edceumunkban.<\/p>\n","protected":false},"author":1,"featured_media":4768,"comment_status":"closed","ping_status":"open","sticky":false,"template":"","format":"standard","meta":{"ngg_post_thumbnail":0},"categories":[1],"tags":[],"_links":{"self":[{"href":"https:\/\/munkacs-katlic.org.ua\/uk\/wp-json\/wp\/v2\/posts\/4767"}],"collection":[{"href":"https:\/\/munkacs-katlic.org.ua\/uk\/wp-json\/wp\/v2\/posts"}],"about":[{"href":"https:\/\/munkacs-katlic.org.ua\/uk\/wp-json\/wp\/v2\/types\/post"}],"author":[{"embeddable":true,"href":"https:\/\/munkacs-katlic.org.ua\/uk\/wp-json\/wp\/v2\/users\/1"}],"replies":[{"embeddable":true,"href":"https:\/\/munkacs-katlic.org.ua\/uk\/wp-json\/wp\/v2\/comments?post=4767"}],"version-history":[{"count":1,"href":"https:\/\/munkacs-katlic.org.ua\/uk\/wp-json\/wp\/v2\/posts\/4767\/revisions"}],"predecessor-version":[{"id":4770,"href":"https:\/\/munkacs-katlic.org.ua\/uk\/wp-json\/wp\/v2\/posts\/4767\/revisions\/4770"}],"wp:featuredmedia":[{"embeddable":true,"href":"https:\/\/munkacs-katlic.org.ua\/uk\/wp-json\/wp\/v2\/media\/4768"}],"wp:attachment":[{"href":"https:\/\/munkacs-katlic.org.ua\/uk\/wp-json\/wp\/v2\/media?parent=4767"}],"wp:term":[{"taxonomy":"category","embeddable":true,"href":"https:\/\/munkacs-katlic.org.ua\/uk\/wp-json\/wp\/v2\/categories?post=4767"},{"taxonomy":"post_tag","embeddable":true,"href":"https:\/\/munkacs-katlic.org.ua\/uk\/wp-json\/wp\/v2\/tags?post=4767"}],"curies":[{"name":"wp","href":"https:\/\/api.w.org\/{rel}","templated":true}]}}