{"id":4760,"date":"2024-03-19T13:37:51","date_gmt":"2024-03-19T13:37:51","guid":{"rendered":"https:\/\/munkacs-katlic.org.ua\/?p=4760"},"modified":"2024-03-19T13:37:51","modified_gmt":"2024-03-19T13:37:51","slug":"hazassag-hete","status":"publish","type":"post","link":"https:\/\/munkacs-katlic.org.ua\/uk\/hazassag-hete\/","title":{"rendered":"H\u00e1zass\u00e1g hete"},"content":{"rendered":"<div id=\"fb-root\"><\/div>\n<p>A h\u00e1zass\u00e1g hete jegy\u00e9ben szerd\u00e1n, a koll\u00e9giumban, Feh\u00e9r Ferenc \u00e9s Marianna tartottak el\u0151ad\u00e1st a h\u00e1zass\u00e1gr\u00f3l, annak sz\u00e9ps\u00e9geir\u0151l \u00e9s megpr\u00f3b\u00e1ltat\u00e1sair\u00f3l. Saj\u00e1t tapasztalataikat osztott\u00e1k meg a koll\u00e9gist\u00e1kkal.<\/p>\n<p><a href=\"https:\/\/munkacs-katlic.org.ua\/wp-content\/uploads\/2024\/03\/425257854_723302739781200_6102046806025698943_n.jpg\"><img decoding=\"async\" loading=\"lazy\" class=\"aligncenter size-large wp-image-4762\" src=\"https:\/\/munkacs-katlic.org.ua\/wp-content\/uploads\/2024\/03\/425257854_723302739781200_6102046806025698943_n-768x1024.jpg\" alt=\"\" width=\"768\" height=\"1024\" srcset=\"https:\/\/munkacs-katlic.org.ua\/wp-content\/uploads\/2024\/03\/425257854_723302739781200_6102046806025698943_n-768x1024.jpg 768w, https:\/\/munkacs-katlic.org.ua\/wp-content\/uploads\/2024\/03\/425257854_723302739781200_6102046806025698943_n-225x300.jpg 225w, https:\/\/munkacs-katlic.org.ua\/wp-content\/uploads\/2024\/03\/425257854_723302739781200_6102046806025698943_n-1152x1536.jpg 1152w, https:\/\/munkacs-katlic.org.ua\/wp-content\/uploads\/2024\/03\/425257854_723302739781200_6102046806025698943_n-110x146.jpg 110w, https:\/\/munkacs-katlic.org.ua\/wp-content\/uploads\/2024\/03\/425257854_723302739781200_6102046806025698943_n-38x50.jpg 38w, https:\/\/munkacs-katlic.org.ua\/wp-content\/uploads\/2024\/03\/425257854_723302739781200_6102046806025698943_n-56x75.jpg 56w, https:\/\/munkacs-katlic.org.ua\/wp-content\/uploads\/2024\/03\/425257854_723302739781200_6102046806025698943_n.jpg 1200w\" sizes=\"(max-width: 768px) 100vw, 768px\" \/><\/a><\/p>\n","protected":false},"excerpt":{"rendered":"<p>A h\u00e1zass\u00e1g hete jegy\u00e9ben szerd\u00e1n, a koll\u00e9giumban, Feh\u00e9r Ferenc \u00e9s Marianna tartottak el\u0151ad\u00e1st a h\u00e1zass\u00e1gr\u00f3l, annak sz\u00e9ps\u00e9geir\u0151l \u00e9s megpr\u00f3b\u00e1ltat\u00e1sair\u00f3l. Saj\u00e1t tapasztalataikat osztott\u00e1k meg a koll\u00e9gist\u00e1kkal.<\/p>\n","protected":false},"author":1,"featured_media":4761,"comment_status":"closed","ping_status":"open","sticky":false,"template":"","format":"standard","meta":{"ngg_post_thumbnail":0},"categories":[1],"tags":[],"_links":{"self":[{"href":"https:\/\/munkacs-katlic.org.ua\/uk\/wp-json\/wp\/v2\/posts\/4760"}],"collection":[{"href":"https:\/\/munkacs-katlic.org.ua\/uk\/wp-json\/wp\/v2\/posts"}],"about":[{"href":"https:\/\/munkacs-katlic.org.ua\/uk\/wp-json\/wp\/v2\/types\/post"}],"author":[{"embeddable":true,"href":"https:\/\/munkacs-katlic.org.ua\/uk\/wp-json\/wp\/v2\/users\/1"}],"replies":[{"embeddable":true,"href":"https:\/\/munkacs-katlic.org.ua\/uk\/wp-json\/wp\/v2\/comments?post=4760"}],"version-history":[{"count":1,"href":"https:\/\/munkacs-katlic.org.ua\/uk\/wp-json\/wp\/v2\/posts\/4760\/revisions"}],"predecessor-version":[{"id":4763,"href":"https:\/\/munkacs-katlic.org.ua\/uk\/wp-json\/wp\/v2\/posts\/4760\/revisions\/4763"}],"wp:featuredmedia":[{"embeddable":true,"href":"https:\/\/munkacs-katlic.org.ua\/uk\/wp-json\/wp\/v2\/media\/4761"}],"wp:attachment":[{"href":"https:\/\/munkacs-katlic.org.ua\/uk\/wp-json\/wp\/v2\/media?parent=4760"}],"wp:term":[{"taxonomy":"category","embeddable":true,"href":"https:\/\/munkacs-katlic.org.ua\/uk\/wp-json\/wp\/v2\/categories?post=4760"},{"taxonomy":"post_tag","embeddable":true,"href":"https:\/\/munkacs-katlic.org.ua\/uk\/wp-json\/wp\/v2\/tags?post=4760"}],"curies":[{"name":"wp","href":"https:\/\/api.w.org\/{rel}","templated":true}]}}