{"id":4685,"date":"2024-02-16T15:41:46","date_gmt":"2024-02-16T15:41:46","guid":{"rendered":"https:\/\/munkacs-katlic.org.ua\/?p=4685"},"modified":"2024-02-16T15:41:46","modified_gmt":"2024-02-16T15:41:46","slug":"szincert","status":"publish","type":"post","link":"https:\/\/munkacs-katlic.org.ua\/uk\/szincert\/","title":{"rendered":"Sz\u00edncert"},"content":{"rendered":"<div id=\"fb-root\"><\/div>\n<p>Egy \u00faj m\u0171fajjal, sz\u00edncerttel ismerkedhettek meg koll\u00e9gista di\u00e1kjaink. A sz\u00edncert m\u0171faj a sz\u00ednh\u00e1z \u00e9s koncert kevered\u00e9s\u00e9re utal. A Munk\u00e1csy Mih\u00e1ly Magyar H\u00e1zban megval\u00f3sul\u00f3 J\u00e1nos vit\u00e9z c. sz\u00edncert Mogyor\u00f3 Korn\u00e9l leg\u00fajabb zenei projektje, ahol Pet\u0151fi \u00f6r\u00f6kbecs\u0171 m\u0171ve hol pr\u00f3z\u00e1ban, hol \u00e9nekelve jelent meg, k\u00fcl\u00f6nleges \u00fct\u0151hangszerek k\u00eds\u00e9ret\u00e9vel. Partnerei Tarj\u00e1n Veronika \u00e9nekesn\u0151 \u00e9s Orosz \u00c1kos sz\u00ednm\u0171v\u00e9szek voltak. K\u00f6sz\u00f6nj\u00fck sz\u00e9pen a szervez\u0151nek az \u00faj, izgalmas \u00e9lm\u00e9nyt.<\/p>\nngg_shortcode_0_placeholder\n","protected":false},"excerpt":{"rendered":"<p>Egy \u00faj m\u0171fajjal, sz\u00edncerttel ismerkedhettek meg koll\u00e9gista di\u00e1kjaink. A sz\u00edncert m\u0171faj a sz\u00ednh\u00e1z \u00e9s koncert kevered\u00e9s\u00e9re utal. A Munk\u00e1csy Mih\u00e1ly Magyar H\u00e1zban megval\u00f3sul\u00f3 J\u00e1nos vit\u00e9z c.<span class=\"excerpt-hellip\"> [\u2026]<\/span><\/p>\n","protected":false},"author":1,"featured_media":4691,"comment_status":"open","ping_status":"open","sticky":false,"template":"","format":"standard","meta":{"ngg_post_thumbnail":0},"categories":[4,1],"tags":[],"_links":{"self":[{"href":"https:\/\/munkacs-katlic.org.ua\/uk\/wp-json\/wp\/v2\/posts\/4685"}],"collection":[{"href":"https:\/\/munkacs-katlic.org.ua\/uk\/wp-json\/wp\/v2\/posts"}],"about":[{"href":"https:\/\/munkacs-katlic.org.ua\/uk\/wp-json\/wp\/v2\/types\/post"}],"author":[{"embeddable":true,"href":"https:\/\/munkacs-katlic.org.ua\/uk\/wp-json\/wp\/v2\/users\/1"}],"replies":[{"embeddable":true,"href":"https:\/\/munkacs-katlic.org.ua\/uk\/wp-json\/wp\/v2\/comments?post=4685"}],"version-history":[{"count":1,"href":"https:\/\/munkacs-katlic.org.ua\/uk\/wp-json\/wp\/v2\/posts\/4685\/revisions"}],"predecessor-version":[{"id":4692,"href":"https:\/\/munkacs-katlic.org.ua\/uk\/wp-json\/wp\/v2\/posts\/4685\/revisions\/4692"}],"wp:featuredmedia":[{"embeddable":true,"href":"https:\/\/munkacs-katlic.org.ua\/uk\/wp-json\/wp\/v2\/media\/4691"}],"wp:attachment":[{"href":"https:\/\/munkacs-katlic.org.ua\/uk\/wp-json\/wp\/v2\/media?parent=4685"}],"wp:term":[{"taxonomy":"category","embeddable":true,"href":"https:\/\/munkacs-katlic.org.ua\/uk\/wp-json\/wp\/v2\/categories?post=4685"},{"taxonomy":"post_tag","embeddable":true,"href":"https:\/\/munkacs-katlic.org.ua\/uk\/wp-json\/wp\/v2\/tags?post=4685"}],"curies":[{"name":"wp","href":"https:\/\/api.w.org\/{rel}","templated":true}]}}