{"id":4639,"date":"2024-02-15T15:14:09","date_gmt":"2024-02-15T15:14:09","guid":{"rendered":"https:\/\/munkacs-katlic.org.ua\/?p=4639"},"modified":"2024-02-15T15:14:09","modified_gmt":"2024-02-15T15:14:09","slug":"mikulas","status":"publish","type":"post","link":"https:\/\/munkacs-katlic.org.ua\/uk\/mikulas\/","title":{"rendered":"Mikul\u00e1s"},"content":{"rendered":"<div id=\"fb-root\"><\/div>\n<p>Minden \u00e9vben megeml\u00e9kez\u00fcnk Szent Mikl\u00f3s p\u00fcsp\u00f6kr\u0151l \u00e9s az \u0151 t\u00f6rt\u00e9net\u00e9r\u0151l. Id\u00e9n k\u00fcl\u00f6nleges megeml\u00e9kez\u00e9sben volt r\u00e9sz\u00fcnk, mivel az angol \u00e9s n\u00e9met nyelvi h\u00e9t keret\u00e9ben tett\u00fck ezt, term\u00e9szetesen angolul \u00e9s n\u00e9met\u00fcl (\u00e9s hogy mindenkinek \u00e9rthet\u0151 legyen, magyar ford\u00edt\u00e1ssal). K\u00f6sz\u00f6nj\u00fck tan\u00e1rainknak, hogy felk\u00e9sz\u00edtett\u00e9k a di\u00e1kokat, k\u00f6sz\u00f6nj\u00fck a di\u00e1koknak, hogy akt\u00edvak \u00e9s nagyon \u00fcgyesek voltak. Term\u00e9szetesen a Mikul\u00e1s is megjutalmazta a di\u00e1kokat, a csintalanok m\u00e9g az \u00f6l\u00e9ben is \u00fclhettek<\/p>\n","protected":false},"excerpt":{"rendered":"<p>Minden \u00e9vben megeml\u00e9kez\u00fcnk Szent Mikl\u00f3s p\u00fcsp\u00f6kr\u0151l \u00e9s az \u0151 t\u00f6rt\u00e9net\u00e9r\u0151l. Id\u00e9n k\u00fcl\u00f6nleges megeml\u00e9kez\u00e9sben volt r\u00e9sz\u00fcnk, mivel az angol \u00e9s n\u00e9met nyelvi h\u00e9t keret\u00e9ben tett\u00fck ezt, term\u00e9szetesen<span class=\"excerpt-hellip\"> [\u2026]<\/span><\/p>\n","protected":false},"author":1,"featured_media":4640,"comment_status":"closed","ping_status":"open","sticky":false,"template":"","format":"video","meta":{"ngg_post_thumbnail":0},"categories":[1],"tags":[],"_links":{"self":[{"href":"https:\/\/munkacs-katlic.org.ua\/uk\/wp-json\/wp\/v2\/posts\/4639"}],"collection":[{"href":"https:\/\/munkacs-katlic.org.ua\/uk\/wp-json\/wp\/v2\/posts"}],"about":[{"href":"https:\/\/munkacs-katlic.org.ua\/uk\/wp-json\/wp\/v2\/types\/post"}],"author":[{"embeddable":true,"href":"https:\/\/munkacs-katlic.org.ua\/uk\/wp-json\/wp\/v2\/users\/1"}],"replies":[{"embeddable":true,"href":"https:\/\/munkacs-katlic.org.ua\/uk\/wp-json\/wp\/v2\/comments?post=4639"}],"version-history":[{"count":1,"href":"https:\/\/munkacs-katlic.org.ua\/uk\/wp-json\/wp\/v2\/posts\/4639\/revisions"}],"predecessor-version":[{"id":4641,"href":"https:\/\/munkacs-katlic.org.ua\/uk\/wp-json\/wp\/v2\/posts\/4639\/revisions\/4641"}],"wp:featuredmedia":[{"embeddable":true,"href":"https:\/\/munkacs-katlic.org.ua\/uk\/wp-json\/wp\/v2\/media\/4640"}],"wp:attachment":[{"href":"https:\/\/munkacs-katlic.org.ua\/uk\/wp-json\/wp\/v2\/media?parent=4639"}],"wp:term":[{"taxonomy":"category","embeddable":true,"href":"https:\/\/munkacs-katlic.org.ua\/uk\/wp-json\/wp\/v2\/categories?post=4639"},{"taxonomy":"post_tag","embeddable":true,"href":"https:\/\/munkacs-katlic.org.ua\/uk\/wp-json\/wp\/v2\/tags?post=4639"}],"curies":[{"name":"wp","href":"https:\/\/api.w.org\/{rel}","templated":true}]}}