{"id":4393,"date":"2023-11-21T15:10:29","date_gmt":"2023-11-21T15:10:29","guid":{"rendered":"https:\/\/munkacs-katlic.org.ua\/?p=4393"},"modified":"2023-11-21T15:10:29","modified_gmt":"2023-11-21T15:10:29","slug":"gratulalunk","status":"publish","type":"post","link":"https:\/\/munkacs-katlic.org.ua\/uk\/gratulalunk\/","title":{"rendered":"Gratul\u00e1lunk"},"content":{"rendered":"<div id=\"fb-root\"><\/div>\n<p>200 \u00e9ve sz\u00fcletett Pet\u0151fi S\u00e1ndor, ebb\u0151l az alkalomb\u00f3l orsz\u00e1gos szaval\u00f3versenyt rendeztek, amelyen r\u00e9szt vett l\u00edceumunk 8. oszt\u00e1lyos tanul\u00f3ja, Ruszny\u00e1k Inessza. A megyei d\u00f6nt\u0151n els\u0151 helyez\u00e9st \u00e9rt el! Gratul\u00e1lunk! B\u00fcszk\u00e9k vagyunk r\u00e1d!<br \/>\n<img decoding=\"async\" loading=\"lazy\" class=\"aligncenter size-large wp-image-4395\" src=\"https:\/\/munkacs-katlic.org.ua\/wp-content\/uploads\/2023\/11\/386598039_652518883526253_5221128608882393285_n-724x1024.jpg\" alt=\"\" width=\"724\" height=\"1024\" srcset=\"https:\/\/munkacs-katlic.org.ua\/wp-content\/uploads\/2023\/11\/386598039_652518883526253_5221128608882393285_n-724x1024.jpg 724w, https:\/\/munkacs-katlic.org.ua\/wp-content\/uploads\/2023\/11\/386598039_652518883526253_5221128608882393285_n-212x300.jpg 212w, https:\/\/munkacs-katlic.org.ua\/wp-content\/uploads\/2023\/11\/386598039_652518883526253_5221128608882393285_n-768x1087.jpg 768w, https:\/\/munkacs-katlic.org.ua\/wp-content\/uploads\/2023\/11\/386598039_652518883526253_5221128608882393285_n-103x146.jpg 103w, https:\/\/munkacs-katlic.org.ua\/wp-content\/uploads\/2023\/11\/386598039_652518883526253_5221128608882393285_n-35x50.jpg 35w, https:\/\/munkacs-katlic.org.ua\/wp-content\/uploads\/2023\/11\/386598039_652518883526253_5221128608882393285_n-53x75.jpg 53w, https:\/\/munkacs-katlic.org.ua\/wp-content\/uploads\/2023\/11\/386598039_652518883526253_5221128608882393285_n.jpg 1080w\" sizes=\"(max-width: 724px) 100vw, 724px\" \/><\/p>\n","protected":false},"excerpt":{"rendered":"<p>200 \u00e9ve sz\u00fcletett Pet\u0151fi S\u00e1ndor, ebb\u0151l az alkalomb\u00f3l orsz\u00e1gos szaval\u00f3versenyt rendeztek, amelyen r\u00e9szt vett l\u00edceumunk 8. oszt\u00e1lyos tanul\u00f3ja, Ruszny\u00e1k Inessza. A megyei d\u00f6nt\u0151n els\u0151 helyez\u00e9st \u00e9rt<span class=\"excerpt-hellip\"> [\u2026]<\/span><\/p>\n","protected":false},"author":1,"featured_media":4394,"comment_status":"closed","ping_status":"open","sticky":false,"template":"","format":"standard","meta":{"ngg_post_thumbnail":0},"categories":[1],"tags":[],"_links":{"self":[{"href":"https:\/\/munkacs-katlic.org.ua\/uk\/wp-json\/wp\/v2\/posts\/4393"}],"collection":[{"href":"https:\/\/munkacs-katlic.org.ua\/uk\/wp-json\/wp\/v2\/posts"}],"about":[{"href":"https:\/\/munkacs-katlic.org.ua\/uk\/wp-json\/wp\/v2\/types\/post"}],"author":[{"embeddable":true,"href":"https:\/\/munkacs-katlic.org.ua\/uk\/wp-json\/wp\/v2\/users\/1"}],"replies":[{"embeddable":true,"href":"https:\/\/munkacs-katlic.org.ua\/uk\/wp-json\/wp\/v2\/comments?post=4393"}],"version-history":[{"count":1,"href":"https:\/\/munkacs-katlic.org.ua\/uk\/wp-json\/wp\/v2\/posts\/4393\/revisions"}],"predecessor-version":[{"id":4396,"href":"https:\/\/munkacs-katlic.org.ua\/uk\/wp-json\/wp\/v2\/posts\/4393\/revisions\/4396"}],"wp:featuredmedia":[{"embeddable":true,"href":"https:\/\/munkacs-katlic.org.ua\/uk\/wp-json\/wp\/v2\/media\/4394"}],"wp:attachment":[{"href":"https:\/\/munkacs-katlic.org.ua\/uk\/wp-json\/wp\/v2\/media?parent=4393"}],"wp:term":[{"taxonomy":"category","embeddable":true,"href":"https:\/\/munkacs-katlic.org.ua\/uk\/wp-json\/wp\/v2\/categories?post=4393"},{"taxonomy":"post_tag","embeddable":true,"href":"https:\/\/munkacs-katlic.org.ua\/uk\/wp-json\/wp\/v2\/tags?post=4393"}],"curies":[{"name":"wp","href":"https:\/\/api.w.org\/{rel}","templated":true}]}}