{"id":4360,"date":"2023-11-15T15:17:03","date_gmt":"2023-11-15T15:17:03","guid":{"rendered":"https:\/\/munkacs-katlic.org.ua\/?p=4360"},"modified":"2023-11-15T15:17:03","modified_gmt":"2023-11-15T15:17:03","slug":"biztonsagos-kozlekedes","status":"publish","type":"post","link":"https:\/\/munkacs-katlic.org.ua\/uk\/biztonsagos-kozlekedes\/","title":{"rendered":"Biztons\u00e1gos k\u00f6zleked\u00e9s"},"content":{"rendered":"<div id=\"fb-root\"><\/div>\n<p>Az eg\u00e9szs\u00e9gv\u00e9delmi h\u00e9t keret\u00e9n bel\u00fcl megl\u00e1togattak minket a rend \u0151rei, akik el\u0151ad\u00e1st tartottak a biztons\u00e1gos k\u00f6zleked\u00e9sr\u0151l. A helyes v\u00e1laszt ad\u00f3 di\u00e1kok f\u00e9nyvisszaver\u0151 kark\u00f6t\u0151t kaptak aj\u00e1nd\u00e9kba.<\/p>\nngg_shortcode_0_placeholder\n","protected":false},"excerpt":{"rendered":"<p>Az eg\u00e9szs\u00e9gv\u00e9delmi h\u00e9t keret\u00e9n bel\u00fcl megl\u00e1togattak minket a rend \u0151rei, akik el\u0151ad\u00e1st tartottak a biztons\u00e1gos k\u00f6zleked\u00e9sr\u0151l. A helyes v\u00e1laszt ad\u00f3 di\u00e1kok f\u00e9nyvisszaver\u0151 kark\u00f6t\u0151t kaptak aj\u00e1nd\u00e9kba.<\/p>\n","protected":false},"author":1,"featured_media":4377,"comment_status":"open","ping_status":"open","sticky":false,"template":"","format":"standard","meta":{"ngg_post_thumbnail":0},"categories":[4,1],"tags":[],"_links":{"self":[{"href":"https:\/\/munkacs-katlic.org.ua\/uk\/wp-json\/wp\/v2\/posts\/4360"}],"collection":[{"href":"https:\/\/munkacs-katlic.org.ua\/uk\/wp-json\/wp\/v2\/posts"}],"about":[{"href":"https:\/\/munkacs-katlic.org.ua\/uk\/wp-json\/wp\/v2\/types\/post"}],"author":[{"embeddable":true,"href":"https:\/\/munkacs-katlic.org.ua\/uk\/wp-json\/wp\/v2\/users\/1"}],"replies":[{"embeddable":true,"href":"https:\/\/munkacs-katlic.org.ua\/uk\/wp-json\/wp\/v2\/comments?post=4360"}],"version-history":[{"count":1,"href":"https:\/\/munkacs-katlic.org.ua\/uk\/wp-json\/wp\/v2\/posts\/4360\/revisions"}],"predecessor-version":[{"id":4378,"href":"https:\/\/munkacs-katlic.org.ua\/uk\/wp-json\/wp\/v2\/posts\/4360\/revisions\/4378"}],"wp:featuredmedia":[{"embeddable":true,"href":"https:\/\/munkacs-katlic.org.ua\/uk\/wp-json\/wp\/v2\/media\/4377"}],"wp:attachment":[{"href":"https:\/\/munkacs-katlic.org.ua\/uk\/wp-json\/wp\/v2\/media?parent=4360"}],"wp:term":[{"taxonomy":"category","embeddable":true,"href":"https:\/\/munkacs-katlic.org.ua\/uk\/wp-json\/wp\/v2\/categories?post=4360"},{"taxonomy":"post_tag","embeddable":true,"href":"https:\/\/munkacs-katlic.org.ua\/uk\/wp-json\/wp\/v2\/tags?post=4360"}],"curies":[{"name":"wp","href":"https:\/\/api.w.org\/{rel}","templated":true}]}}