{"id":3995,"date":"2023-05-02T11:52:05","date_gmt":"2023-05-02T11:52:05","guid":{"rendered":"https:\/\/munkacs-katlic.org.ua\/?p=3995"},"modified":"2023-05-02T11:52:05","modified_gmt":"2023-05-02T11:52:05","slug":"olajszentelesi-mise","status":"publish","type":"post","link":"https:\/\/munkacs-katlic.org.ua\/uk\/olajszentelesi-mise\/","title":{"rendered":"Olajszentel\u00e9si mise"},"content":{"rendered":"<div id=\"fb-root\"><\/div>\n<p>R\u00e9szt vett\u00fcnk az olajszentel\u00e9si mis\u00e9n, melyen az egyh\u00e1zmegye paps\u00e1ga \u00fcnnep\u00e9lyesen meg\u00faj\u00edtotta papi \u00edg\u00e9reteit<img decoding=\"async\" loading=\"lazy\" class=\"aligncenter size-full wp-image-3996\" src=\"https:\/\/munkacs-katlic.org.ua\/wp-content\/uploads\/2023\/05\/339861950_744526620388146_5498424714960539530_n.jpg\" alt=\"\" width=\"1100\" height=\"719\" srcset=\"https:\/\/munkacs-katlic.org.ua\/wp-content\/uploads\/2023\/05\/339861950_744526620388146_5498424714960539530_n.jpg 1100w, https:\/\/munkacs-katlic.org.ua\/wp-content\/uploads\/2023\/05\/339861950_744526620388146_5498424714960539530_n-300x196.jpg 300w, https:\/\/munkacs-katlic.org.ua\/wp-content\/uploads\/2023\/05\/339861950_744526620388146_5498424714960539530_n-1024x669.jpg 1024w, https:\/\/munkacs-katlic.org.ua\/wp-content\/uploads\/2023\/05\/339861950_744526620388146_5498424714960539530_n-768x502.jpg 768w, https:\/\/munkacs-katlic.org.ua\/wp-content\/uploads\/2023\/05\/339861950_744526620388146_5498424714960539530_n-223x146.jpg 223w, https:\/\/munkacs-katlic.org.ua\/wp-content\/uploads\/2023\/05\/339861950_744526620388146_5498424714960539530_n-50x33.jpg 50w, https:\/\/munkacs-katlic.org.ua\/wp-content\/uploads\/2023\/05\/339861950_744526620388146_5498424714960539530_n-115x75.jpg 115w\" sizes=\"(max-width: 1100px) 100vw, 1100px\" \/><\/p>\n","protected":false},"excerpt":{"rendered":"<p>R\u00e9szt vett\u00fcnk az olajszentel\u00e9si mis\u00e9n, melyen az egyh\u00e1zmegye paps\u00e1ga \u00fcnnep\u00e9lyesen meg\u00faj\u00edtotta papi \u00edg\u00e9reteit<\/p>\n","protected":false},"author":1,"featured_media":3997,"comment_status":"closed","ping_status":"open","sticky":false,"template":"","format":"standard","meta":{"ngg_post_thumbnail":0},"categories":[1],"tags":[],"_links":{"self":[{"href":"https:\/\/munkacs-katlic.org.ua\/uk\/wp-json\/wp\/v2\/posts\/3995"}],"collection":[{"href":"https:\/\/munkacs-katlic.org.ua\/uk\/wp-json\/wp\/v2\/posts"}],"about":[{"href":"https:\/\/munkacs-katlic.org.ua\/uk\/wp-json\/wp\/v2\/types\/post"}],"author":[{"embeddable":true,"href":"https:\/\/munkacs-katlic.org.ua\/uk\/wp-json\/wp\/v2\/users\/1"}],"replies":[{"embeddable":true,"href":"https:\/\/munkacs-katlic.org.ua\/uk\/wp-json\/wp\/v2\/comments?post=3995"}],"version-history":[{"count":1,"href":"https:\/\/munkacs-katlic.org.ua\/uk\/wp-json\/wp\/v2\/posts\/3995\/revisions"}],"predecessor-version":[{"id":3998,"href":"https:\/\/munkacs-katlic.org.ua\/uk\/wp-json\/wp\/v2\/posts\/3995\/revisions\/3998"}],"wp:featuredmedia":[{"embeddable":true,"href":"https:\/\/munkacs-katlic.org.ua\/uk\/wp-json\/wp\/v2\/media\/3997"}],"wp:attachment":[{"href":"https:\/\/munkacs-katlic.org.ua\/uk\/wp-json\/wp\/v2\/media?parent=3995"}],"wp:term":[{"taxonomy":"category","embeddable":true,"href":"https:\/\/munkacs-katlic.org.ua\/uk\/wp-json\/wp\/v2\/categories?post=3995"},{"taxonomy":"post_tag","embeddable":true,"href":"https:\/\/munkacs-katlic.org.ua\/uk\/wp-json\/wp\/v2\/tags?post=3995"}],"curies":[{"name":"wp","href":"https:\/\/api.w.org\/{rel}","templated":true}]}}