{"id":3856,"date":"2023-04-28T14:12:26","date_gmt":"2023-04-28T14:12:26","guid":{"rendered":"https:\/\/munkacs-katlic.org.ua\/?p=3856"},"modified":"2023-04-28T14:12:26","modified_gmt":"2023-04-28T14:12:26","slug":"mta-vetelkedosorozat","status":"publish","type":"post","link":"https:\/\/munkacs-katlic.org.ua\/uk\/mta-vetelkedosorozat\/","title":{"rendered":"MTA vet\u00e9lked\u0151sorozat"},"content":{"rendered":"<div id=\"fb-root\"><\/div>\n<p>A Magyar Tudom\u00e1nyos Akad\u00e9mia \u00e1ltal tavaly \u0151sszel els\u0151 \u00edzben meghirdetett, k\u00f6z\u00e9piskol\u00e1soknak sz\u00f3l\u00f3 vet\u00e9lked\u0151sorozaton vett r\u00e9szt l\u00edceumunk di\u00e1kcsapata Svor\u00e1k Karina biol\u00f3gia tan\u00e1rn\u0151 vezet\u00e9s\u00e9vel.<br \/>\nA versenyen 686 magyarorsz\u00e1gi \u00e9s hat\u00e1ron t\u00fali csapat indult, ebb\u0151l 152 csapat jutott a m\u00e1sodik fordul\u00f3ba, k\u00f6z\u00f6tt\u00fck a l\u00edceum \u00d6kolurk\u00f3k csapata. A verseny tematik\u00e1ja a kl\u00edmav\u00e1ltoz\u00e1s \u00e9s fenntarthat\u00f3 fejl\u0151d\u00e9s volt.<br \/>\nA harmadik fordul\u00f3ba, vagyis a d\u00f6nt\u0151be a 10 legjobb csapat ker\u00fclt. K\u00f6z\u00fcl\u00fck, m\u00e1rcius 4-\u00e9n az MTA D\u00edszterm\u00e9ben, egy \u00e9l\u0151ben k\u00f6zvet\u00edtett verseny keretein bel\u00fcl ker\u00fclt ki a gy\u0151ztes csapat.<br \/>\nL\u00edceumunk csapata is r\u00e9szt vett ezen az esem\u00e9nyen, mivel egyetlen k\u00e1rp\u00e1taljai csapatk\u00e9nt jutottak be a 2. fordul\u00f3ba, kimagasl\u00f3 eredm\u00e9nnyel.<br \/>\nA versenynek k\u00f6sz\u00f6nhet\u0151en int\u00e9zm\u00e9ny\u00fcnk csatlakozott az MTA Alumni Programhoz, amely l\u00e9nyege k\u00f6zelebb hozni a fiatalokhoz a tudom\u00e1nyt, a tudom\u00e1nyos gondolkod\u00e1s \u00e9rt\u00e9keit.<br \/>\nEz\u00faton is k\u00f6sz\u00f6nj\u00fck a lehet\u0151s\u00e9geket \u00e9s \u00e9lm\u00e9nyeket!<\/p>\nngg_shortcode_0_placeholder\n","protected":false},"excerpt":{"rendered":"<p>A Magyar Tudom\u00e1nyos Akad\u00e9mia \u00e1ltal tavaly \u0151sszel els\u0151 \u00edzben meghirdetett, k\u00f6z\u00e9piskol\u00e1soknak sz\u00f3l\u00f3 vet\u00e9lked\u0151sorozaton vett r\u00e9szt l\u00edceumunk di\u00e1kcsapata Svor\u00e1k Karina biol\u00f3gia tan\u00e1rn\u0151 vezet\u00e9s\u00e9vel. A versenyen 686 magyarorsz\u00e1gi<span class=\"excerpt-hellip\"> [\u2026]<\/span><\/p>\n","protected":false},"author":1,"featured_media":3871,"comment_status":"open","ping_status":"open","sticky":false,"template":"","format":"standard","meta":{"ngg_post_thumbnail":0},"categories":[4,1],"tags":[],"_links":{"self":[{"href":"https:\/\/munkacs-katlic.org.ua\/uk\/wp-json\/wp\/v2\/posts\/3856"}],"collection":[{"href":"https:\/\/munkacs-katlic.org.ua\/uk\/wp-json\/wp\/v2\/posts"}],"about":[{"href":"https:\/\/munkacs-katlic.org.ua\/uk\/wp-json\/wp\/v2\/types\/post"}],"author":[{"embeddable":true,"href":"https:\/\/munkacs-katlic.org.ua\/uk\/wp-json\/wp\/v2\/users\/1"}],"replies":[{"embeddable":true,"href":"https:\/\/munkacs-katlic.org.ua\/uk\/wp-json\/wp\/v2\/comments?post=3856"}],"version-history":[{"count":1,"href":"https:\/\/munkacs-katlic.org.ua\/uk\/wp-json\/wp\/v2\/posts\/3856\/revisions"}],"predecessor-version":[{"id":3872,"href":"https:\/\/munkacs-katlic.org.ua\/uk\/wp-json\/wp\/v2\/posts\/3856\/revisions\/3872"}],"wp:featuredmedia":[{"embeddable":true,"href":"https:\/\/munkacs-katlic.org.ua\/uk\/wp-json\/wp\/v2\/media\/3871"}],"wp:attachment":[{"href":"https:\/\/munkacs-katlic.org.ua\/uk\/wp-json\/wp\/v2\/media?parent=3856"}],"wp:term":[{"taxonomy":"category","embeddable":true,"href":"https:\/\/munkacs-katlic.org.ua\/uk\/wp-json\/wp\/v2\/categories?post=3856"},{"taxonomy":"post_tag","embeddable":true,"href":"https:\/\/munkacs-katlic.org.ua\/uk\/wp-json\/wp\/v2\/tags?post=3856"}],"curies":[{"name":"wp","href":"https:\/\/api.w.org\/{rel}","templated":true}]}}