{"id":3703,"date":"2023-02-09T15:19:54","date_gmt":"2023-02-09T15:19:54","guid":{"rendered":"https:\/\/munkacs-katlic.org.ua\/?p=3703"},"modified":"2023-02-09T15:19:58","modified_gmt":"2023-02-09T15:19:58","slug":"a-liceum-megaldasa-2023","status":"publish","type":"post","link":"https:\/\/munkacs-katlic.org.ua\/uk\/a-liceum-megaldasa-2023\/","title":{"rendered":"A l\u00edceum meg\u00e1ld\u00e1sa 2023"},"content":{"rendered":"<div id=\"fb-root\"><\/div>\n<p>A l\u00edceum meg\u00e1ld\u00e1s\u00e1val kezdt\u00fck az \u00faj\u00e9vet! Resch Tam\u00e1s atya a l\u00edceum minden term\u00e9t megszentelte \u00e9s Isten \u00e1ld\u00e1s\u00e1t k\u00e9rte az int\u00e9zm\u00e9nyre!<\/p>\n<p><em>\u201eMindenhat\u00f3 Urunk, Isten\u00fcnk! \u00c1ldd meg ezt a hajl\u00e9kot. Lakj\u00e9k benne eg\u00e9szs\u00e9g, tisztas\u00e1g. K\u00e9r\u00fcnk maradjon meg szent \u00e1ld\u00e1sod ezen a lak\u00e1son \u00e9s minden lak\u00f3j\u00e1n, Krisztus, a mi Urunk \u00e1ltal. \u00c1men.\u201d<\/em><\/p>\n","protected":false},"excerpt":{"rendered":"<p>A l\u00edceum meg\u00e1ld\u00e1s\u00e1val kezdt\u00fck az \u00faj\u00e9vet! Resch Tam\u00e1s atya a l\u00edceum minden term\u00e9t megszentelte \u00e9s Isten \u00e1ld\u00e1s\u00e1t k\u00e9rte az int\u00e9zm\u00e9nyre! \u201eMindenhat\u00f3 Urunk, Isten\u00fcnk! \u00c1ldd meg ezt<span class=\"excerpt-hellip\"> [\u2026]<\/span><\/p>\n","protected":false},"author":1,"featured_media":3704,"comment_status":"closed","ping_status":"open","sticky":false,"template":"","format":"video","meta":{"ngg_post_thumbnail":0},"categories":[1],"tags":[],"_links":{"self":[{"href":"https:\/\/munkacs-katlic.org.ua\/uk\/wp-json\/wp\/v2\/posts\/3703"}],"collection":[{"href":"https:\/\/munkacs-katlic.org.ua\/uk\/wp-json\/wp\/v2\/posts"}],"about":[{"href":"https:\/\/munkacs-katlic.org.ua\/uk\/wp-json\/wp\/v2\/types\/post"}],"author":[{"embeddable":true,"href":"https:\/\/munkacs-katlic.org.ua\/uk\/wp-json\/wp\/v2\/users\/1"}],"replies":[{"embeddable":true,"href":"https:\/\/munkacs-katlic.org.ua\/uk\/wp-json\/wp\/v2\/comments?post=3703"}],"version-history":[{"count":1,"href":"https:\/\/munkacs-katlic.org.ua\/uk\/wp-json\/wp\/v2\/posts\/3703\/revisions"}],"predecessor-version":[{"id":3705,"href":"https:\/\/munkacs-katlic.org.ua\/uk\/wp-json\/wp\/v2\/posts\/3703\/revisions\/3705"}],"wp:featuredmedia":[{"embeddable":true,"href":"https:\/\/munkacs-katlic.org.ua\/uk\/wp-json\/wp\/v2\/media\/3704"}],"wp:attachment":[{"href":"https:\/\/munkacs-katlic.org.ua\/uk\/wp-json\/wp\/v2\/media?parent=3703"}],"wp:term":[{"taxonomy":"category","embeddable":true,"href":"https:\/\/munkacs-katlic.org.ua\/uk\/wp-json\/wp\/v2\/categories?post=3703"},{"taxonomy":"post_tag","embeddable":true,"href":"https:\/\/munkacs-katlic.org.ua\/uk\/wp-json\/wp\/v2\/tags?post=3703"}],"curies":[{"name":"wp","href":"https:\/\/api.w.org\/{rel}","templated":true}]}}