{"id":3700,"date":"2023-02-09T15:17:01","date_gmt":"2023-02-09T15:17:01","guid":{"rendered":"https:\/\/munkacs-katlic.org.ua\/?p=3700"},"modified":"2023-02-09T15:17:01","modified_gmt":"2023-02-09T15:17:01","slug":"igy-telt-a-december-tele-szeretettel","status":"publish","type":"post","link":"https:\/\/munkacs-katlic.org.ua\/uk\/igy-telt-a-december-tele-szeretettel\/","title":{"rendered":"\u00cdgy telt a december, tele szeretettel"},"content":{"rendered":"<div id=\"fb-root\"><\/div>\n<p>&#8220;Legyen minden napod kar\u00e1csony!<\/p>\n<p>Sz\u00edvemb\u0151l ezt k\u00edv\u00e1nom!<\/p>\n<p>Szeretet, hit \u00e9s rem\u00e9ny, er\u0151t ad neked, ne f\u00e9lj!<\/p>\n<p>Csoda v\u00e1r Kar\u00e1csony \u00e9jjel\u00e9n!&#8221;<\/p>\n","protected":false},"excerpt":{"rendered":"<p>&#8220;Legyen minden napod kar\u00e1csony! Sz\u00edvemb\u0151l ezt k\u00edv\u00e1nom! Szeretet, hit \u00e9s rem\u00e9ny, er\u0151t ad neked, ne f\u00e9lj! Csoda v\u00e1r Kar\u00e1csony \u00e9jjel\u00e9n!&#8221;<\/p>\n","protected":false},"author":1,"featured_media":3701,"comment_status":"closed","ping_status":"open","sticky":false,"template":"","format":"video","meta":{"ngg_post_thumbnail":0},"categories":[1],"tags":[],"_links":{"self":[{"href":"https:\/\/munkacs-katlic.org.ua\/uk\/wp-json\/wp\/v2\/posts\/3700"}],"collection":[{"href":"https:\/\/munkacs-katlic.org.ua\/uk\/wp-json\/wp\/v2\/posts"}],"about":[{"href":"https:\/\/munkacs-katlic.org.ua\/uk\/wp-json\/wp\/v2\/types\/post"}],"author":[{"embeddable":true,"href":"https:\/\/munkacs-katlic.org.ua\/uk\/wp-json\/wp\/v2\/users\/1"}],"replies":[{"embeddable":true,"href":"https:\/\/munkacs-katlic.org.ua\/uk\/wp-json\/wp\/v2\/comments?post=3700"}],"version-history":[{"count":1,"href":"https:\/\/munkacs-katlic.org.ua\/uk\/wp-json\/wp\/v2\/posts\/3700\/revisions"}],"predecessor-version":[{"id":3702,"href":"https:\/\/munkacs-katlic.org.ua\/uk\/wp-json\/wp\/v2\/posts\/3700\/revisions\/3702"}],"wp:featuredmedia":[{"embeddable":true,"href":"https:\/\/munkacs-katlic.org.ua\/uk\/wp-json\/wp\/v2\/media\/3701"}],"wp:attachment":[{"href":"https:\/\/munkacs-katlic.org.ua\/uk\/wp-json\/wp\/v2\/media?parent=3700"}],"wp:term":[{"taxonomy":"category","embeddable":true,"href":"https:\/\/munkacs-katlic.org.ua\/uk\/wp-json\/wp\/v2\/categories?post=3700"},{"taxonomy":"post_tag","embeddable":true,"href":"https:\/\/munkacs-katlic.org.ua\/uk\/wp-json\/wp\/v2\/tags?post=3700"}],"curies":[{"name":"wp","href":"https:\/\/api.w.org\/{rel}","templated":true}]}}