{"id":3378,"date":"2023-02-09T14:29:25","date_gmt":"2023-02-09T14:29:25","guid":{"rendered":"https:\/\/munkacs-katlic.org.ua\/?p=3378"},"modified":"2023-02-09T14:29:25","modified_gmt":"2023-02-09T14:29:25","slug":"erdelyi-bela-alkotohaz","status":"publish","type":"post","link":"https:\/\/munkacs-katlic.org.ua\/uk\/erdelyi-bela-alkotohaz\/","title":{"rendered":"Erd\u00e9lyi B\u00e9la alkot\u00f3h\u00e1z"},"content":{"rendered":"<div id=\"fb-root\"><\/div>\n<p>A m\u0171velts\u00e9gi vet\u00e9lked\u0151 gy\u0151ztes csapata ell\u00e1togatott az Erd\u00e9lyi B\u00e9la alkot\u00f3h\u00e1zba. Nagyon ig\u00e9nyesen fel\u00faj\u00edtott \u00e9s berendezett h\u00e1zat tekinthettek meg, ahol az Erd\u00e9lyi csal\u00e1d eredeti b\u00fatorai mellett az ott tal\u00e1lt korabeli grafik\u00e1k, skiccek, f\u00e9nyk\u00e9pek \u00e9s levelek, valamint Erd\u00e9lyi B\u00e9la ismert festm\u00e9nyeir\u0151l k\u00e9sz\u00fclt reprodukci\u00f3k l\u00e1that\u00f3k. K\u00f6sz\u00f6nj\u00fck sz\u00e9pen Pfeifer Anit\u00e1nak, a Munk\u00e1csi Mih\u00e1ly Magyar H\u00e1z menedzser\u00e9nek a sz\u00edv\u00e9lyes vend\u00e9gl\u00e1t\u00e1st!<\/p>\nngg_shortcode_0_placeholder\n","protected":false},"excerpt":{"rendered":"<p>A m\u0171velts\u00e9gi vet\u00e9lked\u0151 gy\u0151ztes csapata ell\u00e1togatott az Erd\u00e9lyi B\u00e9la alkot\u00f3h\u00e1zba. Nagyon ig\u00e9nyesen fel\u00faj\u00edtott \u00e9s berendezett h\u00e1zat tekinthettek meg, ahol az Erd\u00e9lyi csal\u00e1d eredeti b\u00fatorai mellett az<span class=\"excerpt-hellip\"> [\u2026]<\/span><\/p>\n","protected":false},"author":1,"featured_media":3380,"comment_status":"open","ping_status":"open","sticky":false,"template":"","format":"standard","meta":{"ngg_post_thumbnail":0},"categories":[4,1],"tags":[],"_links":{"self":[{"href":"https:\/\/munkacs-katlic.org.ua\/uk\/wp-json\/wp\/v2\/posts\/3378"}],"collection":[{"href":"https:\/\/munkacs-katlic.org.ua\/uk\/wp-json\/wp\/v2\/posts"}],"about":[{"href":"https:\/\/munkacs-katlic.org.ua\/uk\/wp-json\/wp\/v2\/types\/post"}],"author":[{"embeddable":true,"href":"https:\/\/munkacs-katlic.org.ua\/uk\/wp-json\/wp\/v2\/users\/1"}],"replies":[{"embeddable":true,"href":"https:\/\/munkacs-katlic.org.ua\/uk\/wp-json\/wp\/v2\/comments?post=3378"}],"version-history":[{"count":1,"href":"https:\/\/munkacs-katlic.org.ua\/uk\/wp-json\/wp\/v2\/posts\/3378\/revisions"}],"predecessor-version":[{"id":3381,"href":"https:\/\/munkacs-katlic.org.ua\/uk\/wp-json\/wp\/v2\/posts\/3378\/revisions\/3381"}],"wp:featuredmedia":[{"embeddable":true,"href":"https:\/\/munkacs-katlic.org.ua\/uk\/wp-json\/wp\/v2\/media\/3380"}],"wp:attachment":[{"href":"https:\/\/munkacs-katlic.org.ua\/uk\/wp-json\/wp\/v2\/media?parent=3378"}],"wp:term":[{"taxonomy":"category","embeddable":true,"href":"https:\/\/munkacs-katlic.org.ua\/uk\/wp-json\/wp\/v2\/categories?post=3378"},{"taxonomy":"post_tag","embeddable":true,"href":"https:\/\/munkacs-katlic.org.ua\/uk\/wp-json\/wp\/v2\/tags?post=3378"}],"curies":[{"name":"wp","href":"https:\/\/api.w.org\/{rel}","templated":true}]}}