{"id":2967,"date":"2022-11-04T15:20:48","date_gmt":"2022-11-04T15:20:48","guid":{"rendered":"https:\/\/munkacs-katlic.org.ua\/?p=2967"},"modified":"2022-11-04T15:20:48","modified_gmt":"2022-11-04T15:20:48","slug":"lelki-egeszsegunk-es-mindennapi-mediank","status":"publish","type":"post","link":"https:\/\/munkacs-katlic.org.ua\/uk\/lelki-egeszsegunk-es-mindennapi-mediank\/","title":{"rendered":"Lelki eg\u00e9szs\u00e9g\u00fcnk \u00e9s mindennapi m\u00e9di\u00e1nk"},"content":{"rendered":"<div id=\"fb-root\"><\/div>\n<p>\u00c9letv\u00e9delmi h\u00e9t m\u00e1sodik \u00e1llom\u00e1sak\u00e9nt a ment\u00e1lis eg\u00e9szs\u00e9g ker\u00fclt el\u0151t\u00e9rbe. Kurmai R\u00e1ti Szilvia ment\u00e1lhigi\u00e9n\u00e9s seg\u00edt\u0151 szakember tartott el\u0151ad\u00e1st \u201eLelki eg\u00e9szs\u00e9g\u00fcnk \u00e9s mindennapi m\u00e9di\u00e1nk\u201d c\u00edmmel. Az el\u0151ad\u00e1s c\u00e9lja az volt, hogy a m\u00e9dia b\u0171vk\u00f6r\u00e9ben a fiatalok min\u00e9l tudatosabb felhaszn\u00e1l\u00f3kk\u00e9nt legyenek jelen, \u00f6nmaguk\u00e9rt felel\u0151ss\u00e9get v\u00e1llaljanak, megismerj\u00e9k a f\u00fcgg\u0151s\u00e9gek val\u00f3di okait, b\u00e1tran k\u00e9rjenek seg\u00edts\u00e9get, ha sz\u00fcks\u00e9ges.<\/p>\n<p>Ez\u00faton is k\u00f6sz\u00f6nj\u00fck az \u00e9rdekes, interakt\u00edv, izgalmas el\u0151ad\u00e1st!<\/p>\nngg_shortcode_0_placeholder\n","protected":false},"excerpt":{"rendered":"<p>\u00c9letv\u00e9delmi h\u00e9t m\u00e1sodik \u00e1llom\u00e1sak\u00e9nt a ment\u00e1lis eg\u00e9szs\u00e9g ker\u00fclt el\u0151t\u00e9rbe. Kurmai R\u00e1ti Szilvia ment\u00e1lhigi\u00e9n\u00e9s seg\u00edt\u0151 szakember tartott el\u0151ad\u00e1st \u201eLelki eg\u00e9szs\u00e9g\u00fcnk \u00e9s mindennapi m\u00e9di\u00e1nk\u201d c\u00edmmel. Az el\u0151ad\u00e1s c\u00e9lja<span class=\"excerpt-hellip\"> [\u2026]<\/span><\/p>\n","protected":false},"author":1,"featured_media":2983,"comment_status":"open","ping_status":"open","sticky":false,"template":"","format":"standard","meta":{"ngg_post_thumbnail":0},"categories":[4,1],"tags":[],"_links":{"self":[{"href":"https:\/\/munkacs-katlic.org.ua\/uk\/wp-json\/wp\/v2\/posts\/2967"}],"collection":[{"href":"https:\/\/munkacs-katlic.org.ua\/uk\/wp-json\/wp\/v2\/posts"}],"about":[{"href":"https:\/\/munkacs-katlic.org.ua\/uk\/wp-json\/wp\/v2\/types\/post"}],"author":[{"embeddable":true,"href":"https:\/\/munkacs-katlic.org.ua\/uk\/wp-json\/wp\/v2\/users\/1"}],"replies":[{"embeddable":true,"href":"https:\/\/munkacs-katlic.org.ua\/uk\/wp-json\/wp\/v2\/comments?post=2967"}],"version-history":[{"count":1,"href":"https:\/\/munkacs-katlic.org.ua\/uk\/wp-json\/wp\/v2\/posts\/2967\/revisions"}],"predecessor-version":[{"id":2992,"href":"https:\/\/munkacs-katlic.org.ua\/uk\/wp-json\/wp\/v2\/posts\/2967\/revisions\/2992"}],"wp:featuredmedia":[{"embeddable":true,"href":"https:\/\/munkacs-katlic.org.ua\/uk\/wp-json\/wp\/v2\/media\/2983"}],"wp:attachment":[{"href":"https:\/\/munkacs-katlic.org.ua\/uk\/wp-json\/wp\/v2\/media?parent=2967"}],"wp:term":[{"taxonomy":"category","embeddable":true,"href":"https:\/\/munkacs-katlic.org.ua\/uk\/wp-json\/wp\/v2\/categories?post=2967"},{"taxonomy":"post_tag","embeddable":true,"href":"https:\/\/munkacs-katlic.org.ua\/uk\/wp-json\/wp\/v2\/tags?post=2967"}],"curies":[{"name":"wp","href":"https:\/\/api.w.org\/{rel}","templated":true}]}}