{"id":2863,"date":"2022-09-14T14:03:31","date_gmt":"2022-09-14T14:03:31","guid":{"rendered":"https:\/\/munkacs-katlic.org.ua\/?p=2863"},"modified":"2022-09-14T14:03:31","modified_gmt":"2022-09-14T14:03:31","slug":"szent-istvany-kiraly","status":"publish","type":"post","link":"https:\/\/munkacs-katlic.org.ua\/uk\/szent-istvany-kiraly\/","title":{"rendered":"Szent Istv\u00e1ny kir\u00e1ly"},"content":{"rendered":"<div id=\"fb-root\"><\/div>\n<p>Els\u0151, \u00e1llamalap\u00edt\u00f3, szent kir\u00e1lyunkra, Magyarorsz\u00e1g f\u0151v\u00e9d\u0151szentj\u00e9re, int\u00e9zm\u00e9ny\u00fcnk n\u00e9vad\u00f3j\u00e1ra, Szent Istv\u00e1n kir\u00e1lyra eml\u00e9kezt\u00fcnk!<\/p>\n<p>\u201eDr\u00e1ga Isten\u00fcnk! Szent Istv\u00e1n kir\u00e1ly meg\u00e9rtette, hogy isteni t\u00f6rv\u00e9nyeid ir\u00e1ny\u00edtj\u00e1k a vil\u00e1got, \u00e9s \u00e1t\u00e9rezte saj\u00e1t k\u00fcldet\u00e9s\u00e9nek isteni eredet\u00e9t \u00e9s m\u00e9lt\u00f3s\u00e1g\u00e1t. Ennek tudat\u00e1ban szent kir\u00e1lyunk nagy felel\u0151ss\u00e9ggel f\u00e1radozott saj\u00e1t csal\u00e1dja, udvara \u00e9s n\u00e9pe j\u00f3l\u00e9t\u00e9\u00e9rt, \u00e9rt\u00e9krendj\u00e9nek nemes\u00edt\u00e9s\u00e9\u00e9rt \u00e9s a re\u00e1b\u00edzottak \u00fcdv\u00f6ss\u00e9g\u00e9\u00e9rt. Amikor pedig l\u00e1tta emberi korl\u00e1tait \u00e9s tehetetlens\u00e9g\u00e9t az \u00e9let \u00fatveszt\u0151iben, nem t\u00e9tov\u00e1zott \u00e9gi \u00c9desany\u00e1nk \u00e9s Nagyasszonyunk p\u00e1rtfog\u00e1s\u00e1ba aj\u00e1nlani n\u00e9p\u00e9t.<\/p>\n<p>Add, Uram, hogy mi is felismerj\u00fck szereteted szab\u00e1lyait \u00e9s isteni k\u00fcldet\u00e9s\u00fcnket a h\u00e9tk\u00f6znapi \u00e9letben! Seg\u00edts, hogy nagylelk\u0171en tudjunk \u00e9lni \u00e9s felaj\u00e1nlani \u00e9let\u00fcnket csal\u00e1djaink, n\u00e9p\u00fcnk \u00e9s a re\u00e1nkb\u00edzottak lelki \u00fcdv\u00e9\u00e9rt! Szent Istv\u00e1n kir\u00e1lyunk k\u00f6zbenj\u00e1r\u00e1s\u00e1t k\u00e9rve adj b\u00e9k\u00e9t sz\u00edv\u00fcnknek, b\u00e9k\u00e9t csal\u00e1dunknak, b\u00e9k\u00e9t nemzet\u00fcnknek, b\u00e9k\u00e9t a vil\u00e1gnak! \u00c1men.\u201d<\/p>\nngg_shortcode_0_placeholder\n","protected":false},"excerpt":{"rendered":"<p>Els\u0151, \u00e1llamalap\u00edt\u00f3, szent kir\u00e1lyunkra, Magyarorsz\u00e1g f\u0151v\u00e9d\u0151szentj\u00e9re, int\u00e9zm\u00e9ny\u00fcnk n\u00e9vad\u00f3j\u00e1ra, Szent Istv\u00e1n kir\u00e1lyra eml\u00e9kezt\u00fcnk! \u201eDr\u00e1ga Isten\u00fcnk! Szent Istv\u00e1n kir\u00e1ly meg\u00e9rtette, hogy isteni t\u00f6rv\u00e9nyeid ir\u00e1ny\u00edtj\u00e1k a vil\u00e1got, \u00e9s \u00e1t\u00e9rezte<span class=\"excerpt-hellip\"> [\u2026]<\/span><\/p>\n","protected":false},"author":1,"featured_media":2864,"comment_status":"open","ping_status":"open","sticky":false,"template":"","format":"standard","meta":{"ngg_post_thumbnail":0},"categories":[4,1],"tags":[],"_links":{"self":[{"href":"https:\/\/munkacs-katlic.org.ua\/uk\/wp-json\/wp\/v2\/posts\/2863"}],"collection":[{"href":"https:\/\/munkacs-katlic.org.ua\/uk\/wp-json\/wp\/v2\/posts"}],"about":[{"href":"https:\/\/munkacs-katlic.org.ua\/uk\/wp-json\/wp\/v2\/types\/post"}],"author":[{"embeddable":true,"href":"https:\/\/munkacs-katlic.org.ua\/uk\/wp-json\/wp\/v2\/users\/1"}],"replies":[{"embeddable":true,"href":"https:\/\/munkacs-katlic.org.ua\/uk\/wp-json\/wp\/v2\/comments?post=2863"}],"version-history":[{"count":1,"href":"https:\/\/munkacs-katlic.org.ua\/uk\/wp-json\/wp\/v2\/posts\/2863\/revisions"}],"predecessor-version":[{"id":2865,"href":"https:\/\/munkacs-katlic.org.ua\/uk\/wp-json\/wp\/v2\/posts\/2863\/revisions\/2865"}],"wp:featuredmedia":[{"embeddable":true,"href":"https:\/\/munkacs-katlic.org.ua\/uk\/wp-json\/wp\/v2\/media\/2864"}],"wp:attachment":[{"href":"https:\/\/munkacs-katlic.org.ua\/uk\/wp-json\/wp\/v2\/media?parent=2863"}],"wp:term":[{"taxonomy":"category","embeddable":true,"href":"https:\/\/munkacs-katlic.org.ua\/uk\/wp-json\/wp\/v2\/categories?post=2863"},{"taxonomy":"post_tag","embeddable":true,"href":"https:\/\/munkacs-katlic.org.ua\/uk\/wp-json\/wp\/v2\/tags?post=2863"}],"curies":[{"name":"wp","href":"https:\/\/api.w.org\/{rel}","templated":true}]}}