{"id":2779,"date":"2022-08-01T14:47:14","date_gmt":"2022-08-01T14:47:14","guid":{"rendered":"https:\/\/munkacs-katlic.org.ua\/?p=2779"},"modified":"2022-08-01T14:47:14","modified_gmt":"2022-08-01T14:47:14","slug":"szeretettel-bucsuzunk-vegzos-diakjainktol","status":"publish","type":"post","link":"https:\/\/munkacs-katlic.org.ua\/uk\/szeretettel-bucsuzunk-vegzos-diakjainktol\/","title":{"rendered":"Szeretettel b\u00facs\u00fazunk v\u00e9gz\u0151s di\u00e1kjainkt\u00f3l"},"content":{"rendered":"<div id=\"fb-root\"><\/div>\n<p>\u201eMindig \u00f6r\u00fcljetek! Sz\u00fcntelen\u00fcl im\u00e1dkozzatok! Minden\u00e9rt adjatok h\u00e1l\u00e1t, mert ezt v\u00e1rja Isten mindny\u00e1jatokt\u00f3l Krisztus J\u00e9zusban.\u201d <em>1 Tessz 5, 16-18<\/em><\/p>\n<div style=\"width: 1220px;\" class=\"wp-video\"><!--[if lt IE 9]><script>document.createElement('video');<\/script><![endif]-->\n<video class=\"wp-video-shortcode\" id=\"video-2779-1\" width=\"1220\" height=\"686\" preload=\"metadata\" controls=\"controls\"><source type=\"video\/mp4\" src=\"https:\/\/munkacs-katlic.org.ua\/wp-content\/uploads\/2022\/08\/2019-2022.mp4?_=1\" \/><a href=\"https:\/\/munkacs-katlic.org.ua\/wp-content\/uploads\/2022\/08\/2019-2022.mp4\">https:\/\/munkacs-katlic.org.ua\/wp-content\/uploads\/2022\/08\/2019-2022.mp4<\/a><\/video><\/div>\n","protected":false},"excerpt":{"rendered":"<p>\u201eMindig \u00f6r\u00fcljetek! Sz\u00fcntelen\u00fcl im\u00e1dkozzatok! Minden\u00e9rt adjatok h\u00e1l\u00e1t, mert ezt v\u00e1rja Isten mindny\u00e1jatokt\u00f3l Krisztus J\u00e9zusban.\u201d 1 Tessz 5, 16-18<\/p>\n","protected":false},"author":1,"featured_media":2781,"comment_status":"open","ping_status":"open","sticky":false,"template":"","format":"standard","meta":{"ngg_post_thumbnail":0},"categories":[1],"tags":[],"_links":{"self":[{"href":"https:\/\/munkacs-katlic.org.ua\/uk\/wp-json\/wp\/v2\/posts\/2779"}],"collection":[{"href":"https:\/\/munkacs-katlic.org.ua\/uk\/wp-json\/wp\/v2\/posts"}],"about":[{"href":"https:\/\/munkacs-katlic.org.ua\/uk\/wp-json\/wp\/v2\/types\/post"}],"author":[{"embeddable":true,"href":"https:\/\/munkacs-katlic.org.ua\/uk\/wp-json\/wp\/v2\/users\/1"}],"replies":[{"embeddable":true,"href":"https:\/\/munkacs-katlic.org.ua\/uk\/wp-json\/wp\/v2\/comments?post=2779"}],"version-history":[{"count":1,"href":"https:\/\/munkacs-katlic.org.ua\/uk\/wp-json\/wp\/v2\/posts\/2779\/revisions"}],"predecessor-version":[{"id":2782,"href":"https:\/\/munkacs-katlic.org.ua\/uk\/wp-json\/wp\/v2\/posts\/2779\/revisions\/2782"}],"wp:featuredmedia":[{"embeddable":true,"href":"https:\/\/munkacs-katlic.org.ua\/uk\/wp-json\/wp\/v2\/media\/2781"}],"wp:attachment":[{"href":"https:\/\/munkacs-katlic.org.ua\/uk\/wp-json\/wp\/v2\/media?parent=2779"}],"wp:term":[{"taxonomy":"category","embeddable":true,"href":"https:\/\/munkacs-katlic.org.ua\/uk\/wp-json\/wp\/v2\/categories?post=2779"},{"taxonomy":"post_tag","embeddable":true,"href":"https:\/\/munkacs-katlic.org.ua\/uk\/wp-json\/wp\/v2\/tags?post=2779"}],"curies":[{"name":"wp","href":"https:\/\/api.w.org\/{rel}","templated":true}]}}