{"id":2135,"date":"2022-03-17T14:56:01","date_gmt":"2022-03-17T14:56:01","guid":{"rendered":"https:\/\/munkacs-katlic.org.ua\/?p=2135"},"modified":"2022-03-17T14:56:01","modified_gmt":"2022-03-17T14:56:01","slug":"az-aradi-vertanukra-emlekeztunk","status":"publish","type":"post","link":"https:\/\/munkacs-katlic.org.ua\/uk\/az-aradi-vertanukra-emlekeztunk\/","title":{"rendered":"Az aradi v\u00e9rtan\u00fakra eml\u00e9kezt\u00fcnk"},"content":{"rendered":"<div id=\"fb-root\"><\/div>\n<p>Az eml\u00e9kez\u00e9s egy alkalom lehet arra, hogy megmutassa: \u201ea v\u00e9rtan\u00fak sz\u00e1m\u00e1ra a vil\u00e1g b\u00edr\u00e1ja, a t\u00f6rt\u00e9nelem, igazs\u00e1got szolg\u00e1ltatott\u201d\u2013 ahogy Kossuth Lajos fogalmazott, aki Aradot a \u201emagyar Golgot\u00e1nak\u201d nevezte.<\/p>\nngg_shortcode_0_placeholder\n","protected":false},"excerpt":{"rendered":"<p>Az eml\u00e9kez\u00e9s egy alkalom lehet arra, hogy megmutassa: \u201ea v\u00e9rtan\u00fak sz\u00e1m\u00e1ra a vil\u00e1g b\u00edr\u00e1ja, a t\u00f6rt\u00e9nelem, igazs\u00e1got szolg\u00e1ltatott\u201d\u2013 ahogy Kossuth Lajos fogalmazott, aki Aradot a \u201emagyar<span class=\"excerpt-hellip\"> [\u2026]<\/span><\/p>\n","protected":false},"author":1,"featured_media":2147,"comment_status":"open","ping_status":"open","sticky":false,"template":"","format":"standard","meta":{"ngg_post_thumbnail":0},"categories":[4,1],"tags":[],"_links":{"self":[{"href":"https:\/\/munkacs-katlic.org.ua\/uk\/wp-json\/wp\/v2\/posts\/2135"}],"collection":[{"href":"https:\/\/munkacs-katlic.org.ua\/uk\/wp-json\/wp\/v2\/posts"}],"about":[{"href":"https:\/\/munkacs-katlic.org.ua\/uk\/wp-json\/wp\/v2\/types\/post"}],"author":[{"embeddable":true,"href":"https:\/\/munkacs-katlic.org.ua\/uk\/wp-json\/wp\/v2\/users\/1"}],"replies":[{"embeddable":true,"href":"https:\/\/munkacs-katlic.org.ua\/uk\/wp-json\/wp\/v2\/comments?post=2135"}],"version-history":[{"count":1,"href":"https:\/\/munkacs-katlic.org.ua\/uk\/wp-json\/wp\/v2\/posts\/2135\/revisions"}],"predecessor-version":[{"id":2148,"href":"https:\/\/munkacs-katlic.org.ua\/uk\/wp-json\/wp\/v2\/posts\/2135\/revisions\/2148"}],"wp:featuredmedia":[{"embeddable":true,"href":"https:\/\/munkacs-katlic.org.ua\/uk\/wp-json\/wp\/v2\/media\/2147"}],"wp:attachment":[{"href":"https:\/\/munkacs-katlic.org.ua\/uk\/wp-json\/wp\/v2\/media?parent=2135"}],"wp:term":[{"taxonomy":"category","embeddable":true,"href":"https:\/\/munkacs-katlic.org.ua\/uk\/wp-json\/wp\/v2\/categories?post=2135"},{"taxonomy":"post_tag","embeddable":true,"href":"https:\/\/munkacs-katlic.org.ua\/uk\/wp-json\/wp\/v2\/tags?post=2135"}],"curies":[{"name":"wp","href":"https:\/\/api.w.org\/{rel}","templated":true}]}}