{"id":1427,"date":"2022-02-01T14:28:12","date_gmt":"2022-02-01T14:28:12","guid":{"rendered":"https:\/\/munkacs-katlic.org.ua\/?p=1427"},"modified":"2022-02-01T14:28:12","modified_gmt":"2022-02-01T14:28:12","slug":"a-matematika-hete","status":"publish","type":"post","link":"https:\/\/munkacs-katlic.org.ua\/uk\/a-matematika-hete\/","title":{"rendered":"A matematika hete"},"content":{"rendered":"<div id=\"fb-root\"><\/div>\n<p>L\u00edceumunkban ez\u00fattal a matematik\u00e1\u00e9 volt a f\u0151szerep. A matematika het\u00fcnk t\u00e9m\u00e1ja Bolyai J\u00e1nos \u00e9lete \u00e9s munk\u00e1ss\u00e1ga volt. Di\u00e1kjaink megismerkedhettek a magyar tudom\u00e1ny egyik legnagyobb alakj\u00e1val, az egyik legh\u00edresebb magyar matematikussal. A \u201egeometria Kopernikusza\u201d szorgalm\u00e1val, kitart\u00e1s\u00e1val, zsenialit\u00e1s\u00e1val p\u00e9ldak\u00e9nt \u00e1ll a mai fiatals\u00e1g el\u0151tt is! K\u00f6sz\u00f6nj\u00fck Karabeles Katalinnak, l\u00edceumunk matematika tan\u00e1r\u00e1nak a sz\u00ednvonalas programokat!<\/p>\nngg_shortcode_0_placeholder\n","protected":false},"excerpt":{"rendered":"<p>L\u00edceumunkban ez\u00fattal a matematik\u00e1\u00e9 volt a f\u0151szerep. A matematika het\u00fcnk t\u00e9m\u00e1ja Bolyai J\u00e1nos \u00e9lete \u00e9s munk\u00e1ss\u00e1ga volt. Di\u00e1kjaink megismerkedhettek a magyar tudom\u00e1ny egyik legnagyobb alakj\u00e1val, az<span class=\"excerpt-hellip\"> [\u2026]<\/span><\/p>\n","protected":false},"author":1,"featured_media":1428,"comment_status":"open","ping_status":"open","sticky":false,"template":"","format":"standard","meta":{"ngg_post_thumbnail":0},"categories":[4,1],"tags":[],"_links":{"self":[{"href":"https:\/\/munkacs-katlic.org.ua\/uk\/wp-json\/wp\/v2\/posts\/1427"}],"collection":[{"href":"https:\/\/munkacs-katlic.org.ua\/uk\/wp-json\/wp\/v2\/posts"}],"about":[{"href":"https:\/\/munkacs-katlic.org.ua\/uk\/wp-json\/wp\/v2\/types\/post"}],"author":[{"embeddable":true,"href":"https:\/\/munkacs-katlic.org.ua\/uk\/wp-json\/wp\/v2\/users\/1"}],"replies":[{"embeddable":true,"href":"https:\/\/munkacs-katlic.org.ua\/uk\/wp-json\/wp\/v2\/comments?post=1427"}],"version-history":[{"count":1,"href":"https:\/\/munkacs-katlic.org.ua\/uk\/wp-json\/wp\/v2\/posts\/1427\/revisions"}],"predecessor-version":[{"id":1429,"href":"https:\/\/munkacs-katlic.org.ua\/uk\/wp-json\/wp\/v2\/posts\/1427\/revisions\/1429"}],"wp:featuredmedia":[{"embeddable":true,"href":"https:\/\/munkacs-katlic.org.ua\/uk\/wp-json\/wp\/v2\/media\/1428"}],"wp:attachment":[{"href":"https:\/\/munkacs-katlic.org.ua\/uk\/wp-json\/wp\/v2\/media?parent=1427"}],"wp:term":[{"taxonomy":"category","embeddable":true,"href":"https:\/\/munkacs-katlic.org.ua\/uk\/wp-json\/wp\/v2\/categories?post=1427"},{"taxonomy":"post_tag","embeddable":true,"href":"https:\/\/munkacs-katlic.org.ua\/uk\/wp-json\/wp\/v2\/tags?post=1427"}],"curies":[{"name":"wp","href":"https:\/\/api.w.org\/{rel}","templated":true}]}}