{"id":1394,"date":"2022-02-01T14:23:19","date_gmt":"2022-02-01T14:23:19","guid":{"rendered":"https:\/\/munkacs-katlic.org.ua\/?p=1394"},"modified":"2022-02-01T14:23:19","modified_gmt":"2022-02-01T14:23:19","slug":"polgari-vedelmi-nap","status":"publish","type":"post","link":"https:\/\/munkacs-katlic.org.ua\/uk\/polgari-vedelmi-nap\/","title":{"rendered":"Polg\u00e1ri V\u00e9delmi Nap"},"content":{"rendered":"<div id=\"fb-root\"><\/div>\n<p>L\u00edceumunkban polg\u00e1ri v\u00e9delmi napot tartottunk, amely kezdet\u00e9t v\u00e9szcseng\u0151 jelezte. A jelz\u00e9st hallv\u00e1n a di\u00e1kok elhagyt\u00e1k a l\u00edceum \u00e9p\u00fclet\u00e9t, ahol Pavlovszkij Jurij tan\u00e1r \u00far megtartotta a nappal kapcsolatos bevezet\u0151j\u00e9t. Ezt k\u00f6vet\u0151en di\u00e1kjaink prezent\u00e1ci\u00f3 form\u00e1j\u00e1ban megismerkedhettek a v\u00e9szhelyzetekkel \u00e9s azok t\u00edpusaival, tov\u00e1bb\u00e1 fontos inform\u00e1ci\u00f3kat kaptak arr\u00f3l, hogy mi a teend\u0151 v\u00e9szhelyzet eset\u00e9n. K\u00f6sz\u00f6nj\u00fck a tan\u00e1r \u00farnak a tartalmas \u00e9s hasznos inform\u00e1ci\u00f3kat!<\/p>\nngg_shortcode_0_placeholder\n","protected":false},"excerpt":{"rendered":"<p>L\u00edceumunkban polg\u00e1ri v\u00e9delmi napot tartottunk, amely kezdet\u00e9t v\u00e9szcseng\u0151 jelezte. A jelz\u00e9st hallv\u00e1n a di\u00e1kok elhagyt\u00e1k a l\u00edceum \u00e9p\u00fclet\u00e9t, ahol Pavlovszkij Jurij tan\u00e1r \u00far megtartotta a nappal<span class=\"excerpt-hellip\"> [\u2026]<\/span><\/p>\n","protected":false},"author":1,"featured_media":1395,"comment_status":"open","ping_status":"open","sticky":false,"template":"","format":"standard","meta":{"ngg_post_thumbnail":0},"categories":[4,1],"tags":[],"_links":{"self":[{"href":"https:\/\/munkacs-katlic.org.ua\/uk\/wp-json\/wp\/v2\/posts\/1394"}],"collection":[{"href":"https:\/\/munkacs-katlic.org.ua\/uk\/wp-json\/wp\/v2\/posts"}],"about":[{"href":"https:\/\/munkacs-katlic.org.ua\/uk\/wp-json\/wp\/v2\/types\/post"}],"author":[{"embeddable":true,"href":"https:\/\/munkacs-katlic.org.ua\/uk\/wp-json\/wp\/v2\/users\/1"}],"replies":[{"embeddable":true,"href":"https:\/\/munkacs-katlic.org.ua\/uk\/wp-json\/wp\/v2\/comments?post=1394"}],"version-history":[{"count":1,"href":"https:\/\/munkacs-katlic.org.ua\/uk\/wp-json\/wp\/v2\/posts\/1394\/revisions"}],"predecessor-version":[{"id":1396,"href":"https:\/\/munkacs-katlic.org.ua\/uk\/wp-json\/wp\/v2\/posts\/1394\/revisions\/1396"}],"wp:featuredmedia":[{"embeddable":true,"href":"https:\/\/munkacs-katlic.org.ua\/uk\/wp-json\/wp\/v2\/media\/1395"}],"wp:attachment":[{"href":"https:\/\/munkacs-katlic.org.ua\/uk\/wp-json\/wp\/v2\/media?parent=1394"}],"wp:term":[{"taxonomy":"category","embeddable":true,"href":"https:\/\/munkacs-katlic.org.ua\/uk\/wp-json\/wp\/v2\/categories?post=1394"},{"taxonomy":"post_tag","embeddable":true,"href":"https:\/\/munkacs-katlic.org.ua\/uk\/wp-json\/wp\/v2\/tags?post=1394"}],"curies":[{"name":"wp","href":"https:\/\/api.w.org\/{rel}","templated":true}]}}