{"id":1365,"date":"2022-02-01T14:10:02","date_gmt":"2022-02-01T14:10:02","guid":{"rendered":"https:\/\/munkacs-katlic.org.ua\/?p=1365"},"modified":"2022-02-01T14:11:23","modified_gmt":"2022-02-01T14:11:23","slug":"a-tortenelemtudomanyok-hete","status":"publish","type":"post","link":"https:\/\/munkacs-katlic.org.ua\/uk\/a-tortenelemtudomanyok-hete\/","title":{"rendered":"A t\u00f6rt\u00e9nelemtudom\u00e1nyok hete"},"content":{"rendered":"<div id=\"fb-root\"><\/div>\n<p>L\u00edceumunkban t\u00f6rt\u00e9nelmi hetet tartottunk, ahol izgalmas t\u00f6rt\u00e9nelmi vet\u00e9lked\u0151n vehettek r\u00e9szt di\u00e1kjaink, tov\u00e1bb\u00e1 \u00e9rdekes ki\u00e1ll\u00edt\u00e1sokat tekinthettek meg, k\u00f6zt\u00fck \u201eMunk\u00e1cs a t\u00f6rt\u00e9nelem viharaiban\u201d c\u00edm\u0171 k\u00f6nyvki\u00e1ll\u00edt\u00e1st valamint t\u00f6rt\u00e9nelmi kalend\u00e1riumb\u00f3l t\u00e1j\u00e9koz\u00f3dhattak a m\u00faltb\u00e9li jeles esem\u00e9nyekr\u0151l. K\u00f6sz\u00f6nj\u00fck Szem\u00e1k-Neubauer M\u00e1ri\u00e1nak, aki a szakmai h\u00e1tter\u00e9t biztos\u00edtotta a sikeres t\u00f6rt\u00e9nelem h\u00e9tnek!<\/p>\nngg_shortcode_0_placeholder\n","protected":false},"excerpt":{"rendered":"<p>L\u00edceumunkban t\u00f6rt\u00e9nelmi hetet tartottunk, ahol izgalmas t\u00f6rt\u00e9nelmi vet\u00e9lked\u0151n vehettek r\u00e9szt di\u00e1kjaink, tov\u00e1bb\u00e1 \u00e9rdekes ki\u00e1ll\u00edt\u00e1sokat tekinthettek meg, k\u00f6zt\u00fck \u201eMunk\u00e1cs a t\u00f6rt\u00e9nelem viharaiban\u201d c\u00edm\u0171 k\u00f6nyvki\u00e1ll\u00edt\u00e1st valamint t\u00f6rt\u00e9nelmi kalend\u00e1riumb\u00f3l<span class=\"excerpt-hellip\"> [\u2026]<\/span><\/p>\n","protected":false},"author":1,"featured_media":1366,"comment_status":"open","ping_status":"open","sticky":false,"template":"","format":"standard","meta":{"ngg_post_thumbnail":0},"categories":[4,1],"tags":[],"_links":{"self":[{"href":"https:\/\/munkacs-katlic.org.ua\/uk\/wp-json\/wp\/v2\/posts\/1365"}],"collection":[{"href":"https:\/\/munkacs-katlic.org.ua\/uk\/wp-json\/wp\/v2\/posts"}],"about":[{"href":"https:\/\/munkacs-katlic.org.ua\/uk\/wp-json\/wp\/v2\/types\/post"}],"author":[{"embeddable":true,"href":"https:\/\/munkacs-katlic.org.ua\/uk\/wp-json\/wp\/v2\/users\/1"}],"replies":[{"embeddable":true,"href":"https:\/\/munkacs-katlic.org.ua\/uk\/wp-json\/wp\/v2\/comments?post=1365"}],"version-history":[{"count":2,"href":"https:\/\/munkacs-katlic.org.ua\/uk\/wp-json\/wp\/v2\/posts\/1365\/revisions"}],"predecessor-version":[{"id":1368,"href":"https:\/\/munkacs-katlic.org.ua\/uk\/wp-json\/wp\/v2\/posts\/1365\/revisions\/1368"}],"wp:featuredmedia":[{"embeddable":true,"href":"https:\/\/munkacs-katlic.org.ua\/uk\/wp-json\/wp\/v2\/media\/1366"}],"wp:attachment":[{"href":"https:\/\/munkacs-katlic.org.ua\/uk\/wp-json\/wp\/v2\/media?parent=1365"}],"wp:term":[{"taxonomy":"category","embeddable":true,"href":"https:\/\/munkacs-katlic.org.ua\/uk\/wp-json\/wp\/v2\/categories?post=1365"},{"taxonomy":"post_tag","embeddable":true,"href":"https:\/\/munkacs-katlic.org.ua\/uk\/wp-json\/wp\/v2\/tags?post=1365"}],"curies":[{"name":"wp","href":"https:\/\/api.w.org\/{rel}","templated":true}]}}